{"id":4294,"date":"2023-11-29T19:45:13","date_gmt":"2023-11-29T19:45:13","guid":{"rendered":"https:\/\/infosports.com.ar\/web\/?p=4294"},"modified":"2023-11-29T19:45:13","modified_gmt":"2023-11-29T19:45:13","slug":"el-k42-villa-la-angostura-cumple-20-anos-y-se-viene-una-prueba-especial","status":"publish","type":"post","link":"https:\/\/infosports.com.ar\/web\/el-k42-villa-la-angostura-cumple-20-anos-y-se-viene-una-prueba-especial\/","title":{"rendered":"El K42 Villa La Angostura cumple 20 a\u00f1os y se viene una prueba especial"},"content":{"rendered":"<p><strong>El K42 Villa La Angostura cumple 20 a\u00f1os y por eso preparan una gran fiesta en la zona de la cordillera neuquina<\/strong>. La cita ser\u00e1 entre el 3 y 4 de noviembre, con la presencia asegurada de una multitud y corredores de elite nternacional.<!--more--><\/p>\n<p><strong>Desde 2023, el K42 y Villa La Angostura fueron creciendo juntos<\/strong>, la carrera renov\u00f3 propuestas, y siempre se gener\u00f3 un gran movimiento tur\u00edstico. A la par, hicieron un equipo que se acompa\u00f1\u00f3 desde su primera edici\u00f3n, cuando las largadas eran en el Lago Espejo con 500 corredores a los que trasladaban en buses.<\/p>\n<p>Tambi\u00e9n estuvieron unidos y<strong>\u00a0trabajando codo a codo en la edici\u00f3n 2011, cuando la Villa sufr\u00eda las consecuencias de la erupci\u00f3n del volc\u00e1n Puyehu<\/strong>e y todo era cenizas; o en 2017 cuando fueron sede del Sudamericano de Monta\u00f1a y en 2019 cuando la Argentina recibi\u00f3 al Campeonato Mundial de Monta\u00f1a.<\/p>\n<p>Pasaron muchas cosas lindas y momento que quedaran en las historias de cada corredor, completarla es un desaf\u00edo es \u201cUn para\u00edso para los ojos y un infierno para las piernas\u201d, dicen los que se atrevieron y es tambi\u00e9n una oportunidad \u00fanica para correr al lado de los mejor, corredores de elite argentinos y del mundo.<\/p>\n<figure class=\"wp-block-image size-medium\"><img loading=\"lazy\" decoding=\"async\" class=\"wp-image-3192624\" src=\"https:\/\/www.rionegro.com.ar\/webwp-content\/uploads\/2023\/10\/K42-Largada-ano-2003.jpg?w=775\" sizes=\"auto, (max-width: 2253px) 100vw, 2253px\" srcset=\"https:\/\/www.rionegro.com.ar\/webwp-content\/uploads\/2023\/10\/K42-Largada-ano-2003.jpg 2253w, https:\/\/www.rionegro.com.ar\/webwp-content\/uploads\/2023\/10\/K42-Largada-ano-2003.jpg?resize=775,517 775w, https:\/\/www.rionegro.com.ar\/webwp-content\/uploads\/2023\/10\/K42-Largada-ano-2003.jpg?resize=768,512 768w, https:\/\/www.rionegro.com.ar\/webwp-content\/uploads\/2023\/10\/K42-Largada-ano-2003.jpg?resize=1079,720 1079w, https:\/\/www.rionegro.com.ar\/webwp-content\/uploads\/2023\/10\/K42-Largada-ano-2003.jpg?resize=1536,1025 1536w, https:\/\/www.rionegro.com.ar\/webwp-content\/uploads\/2023\/10\/K42-Largada-ano-2003.jpg?resize=2048,1366 2048w\" alt=\"\" width=\"2253\" height=\"1503\" \/><\/figure>\n<hr class=\"wp-block-separator has-alpha-channel-opacity\" \/>\n<h2 class=\"wp-block-heading\">La marat\u00f3n de monta\u00f1a que nadie se quiere perder<\/h2>\n<hr class=\"wp-block-separator has-alpha-channel-opacity\" \/>\n<p>A lo largo de estos a\u00f1os, los senderos de Villa La Angostura fueron testigos del paso de destacados corredores internacionales como Kilian Jornet, Jim Walmsley, Francesco Puppi, Cristina Simion, Grayson Murphy, Joseph Gray, Silvia Rampazzo, Oihana Kortaza, Oriol Cardona, Blandine L\u2019Hirondel, Angela Mattevi, Marco Degasperi, Miguel Heras, Elisa Desco, Ragna Debats, Marlene Flores, Natalia Castillo, Francisco Pino, Luis Valle Barrientos y de los locales Gustavo Reyes m\u00e1ximo ganador de la prueba con 5 victorias, Virginia G\u00e1lvez, Andrea Doblas, Cristian Mohamed, Nelson Ortega, Hugo Quintulen, Elsa Romero, Roxana Flores, Sergio Pereira, Vero Ram\u00edrez y muchos deportistas mas entre ganadores y los que dan prestigio a esta competencia.<\/p>\n<p>Esta edici\u00f3n llega con muchos anuncios que se conocer\u00e1n pr\u00f3ximos al evento, entre los que se destaca un documental a estrenarse donde el K42 esta contado por sus protagonistas. Patagonia Eventos es la empresa organizadora y creadora del K42 Adventure Marathon.<\/p>\n<hr class=\"wp-block-separator has-alpha-channel-opacity\" \/>\n<h2 class=\"wp-block-heading\">Los d\u00edas de competencia<\/h2>\n<hr class=\"wp-block-separator has-alpha-channel-opacity\" \/>\n<p><strong>El K15 largar\u00e1 el viernes 3 a las 14,<\/strong>\u00a0partiendo desde el Paseo de los Pioneros pasando por centro de la ciudad antes de comenzar a recorrer los senderos del Cerro Belvedere hasta su cima, a los 1.400 msnm con un acumulado de 754 prometiendo un descenso r\u00e1pido y t\u00e9cnico.<\/p>\n<p><strong>El K42 la competencia que da origen al nombre de la carrera comenzar\u00e1 el s\u00e1bado 4 a las 9<\/strong>, tambi\u00e9n desde el Paseo de los Pioneros, copiando el circuito del K15 en su primer parte para despu\u00e9s de un paradisiaco trayecto llegar hasta la Base del Cerro Bayo tomando a continuaci\u00f3n los senderos del Raizal II, quiz\u00e1 la parte m\u00e1s dura de la competencia, llegando a la nevada cumbre del cerro a 1.778 metros de altura con una de las vistas mas hermosas de la Patagonia.<\/p>\n<figure class=\"wp-block-image size-medium\"><img loading=\"lazy\" decoding=\"async\" class=\"wp-image-3192628\" src=\"https:\/\/www.rionegro.com.ar\/webwp-content\/uploads\/2023\/10\/K42-Cerro-Bayo-nieve.jpg?w=778\" sizes=\"auto, (max-width: 1117px) 100vw, 1117px\" srcset=\"https:\/\/www.rionegro.com.ar\/webwp-content\/uploads\/2023\/10\/K42-Cerro-Bayo-nieve.jpg 1117w, https:\/\/www.rionegro.com.ar\/webwp-content\/uploads\/2023\/10\/K42-Cerro-Bayo-nieve.jpg?resize=778,517 778w, https:\/\/www.rionegro.com.ar\/webwp-content\/uploads\/2023\/10\/K42-Cerro-Bayo-nieve.jpg?resize=768,510 768w, https:\/\/www.rionegro.com.ar\/webwp-content\/uploads\/2023\/10\/K42-Cerro-Bayo-nieve.jpg?resize=1084,720 1084w\" alt=\"\" width=\"1117\" height=\"742\" \/><\/figure>\n<p>Agrupando estas dos competencias est\u00e1 el Grand K para quienes eligen ser parte de los dos d\u00edas de carreras, los vencedores ser\u00e1n los que logren el mejor tiempo en la sumatoria del K15 y el K42. Los relevos de 2 x 21K, la prueba de equipos con dos participantes donde cada uno completa un tramo de 21 kil\u00f3metros y el KFuture la carrera de 6K para corredores de entre 14 y 19 que tiene dos categor\u00edas, Sub16 y Sub20.<\/p>\n<hr class=\"wp-block-separator has-alpha-channel-opacity\" \/>\n<h2 class=\"wp-block-heading\">K superaci\u00f3n y K kids<\/h2>\n<p><strong>El K Superaci\u00f3n re\u00fane a personas con discapacidad<\/strong>\u00a0y es un momento emotivo, ya que familiares y amigos acompa\u00f1an a los deportistas participantes que estar\u00e1n largando este desaf\u00edo el viernes 3 luego de la largada del K15.\u00a0<strong>El K kids ser\u00e1 el domingo 5 a las 11\u00a0<\/strong>y para que los ni\u00f1os y ni\u00f1as puedan ser parte, los adultos interesados deber\u00e1n llenar el formulario de inscripci\u00f3n en la pagina web del evento.<\/p>\n<div class=\"lazyblock-leer-mas-Z1iuaQL wp-block-lazyblock-leer-mas\">\n<article class=\"news news--summary news--55-81\">\n<div class=\"news__data\">\n<h1 class=\"news__title\"><a title=\"Con 500 corredores, viento y nieve, se realiz\u00f3 la tercera edici\u00f3n de Primeros Pinos Endurance Race\" href=\"https:\/\/www.rionegro.com.ar\/webdeportes\/con-500-corredores-viento-y-nieve-se-realizo-la-tercera-edicion-de-primeros-pinos-endurance-race-3188451\/\">Con 500 corredores, viento y nieve, se realiz\u00f3 la tercera edici\u00f3n de Primeros Pinos Endurance Race<\/a><\/h1>\n<\/div>\n<\/article>\n<\/div>\n<p>A estas ya conocidas distancias y modalidades este a\u00f1o se suma una caminata, el KTrek se trata de una salida recreativa por los bosques y senderos de la Villa que recorrer\u00e1n la Cascada Inacayal, caj\u00f3n Negro, Cerro Inacayal, Cerro Mermoud y el Filo del Cerro Bayo. Esta Traves\u00eda comenzar\u00e1 el 3 de noviembre a las 6 am con una duraci\u00f3n aproximada de 12 horas, los participantes ser\u00e1n acompa\u00f1ados por gu\u00edas dispuestos de 1 cada 14 personas. Recomiendan ropa y calzado adecuado y repasar detalles del reglamento publicado en la web del organizador donde tambi\u00e9n completan la preinscripci\u00f3n.<\/p>\n","protected":false},"excerpt":{"rendered":"<p>El K42 Villa La Angostura cumple 20 a\u00f1os y por eso preparan una gran fiesta en la zona de la cordillera neuquina. La cita ser\u00e1 entre el 3 y 4 de noviembre, con la presencia asegurada de una multitud y corredores de elite nternacional.<\/p>\n","protected":false},"author":3,"featured_media":0,"comment_status":"open","ping_status":"open","sticky":false,"template":"","format":"standard","meta":{"_acf_changed":false,"footnotes":""},"categories":[1],"tags":[],"class_list":{"0":"post-4294","1":"post","2":"type-post","3":"status-publish","4":"format-standard","6":"category-sin-categoria"},"acf":[],"aioseo_notices":[],"_links":{"self":[{"href":"https:\/\/infosports.com.ar\/web\/wp-json\/wp\/v2\/posts\/4294","targetHints":{"allow":["GET"]}}],"collection":[{"href":"https:\/\/infosports.com.ar\/web\/wp-json\/wp\/v2\/posts"}],"about":[{"href":"https:\/\/infosports.com.ar\/web\/wp-json\/wp\/v2\/types\/post"}],"author":[{"embeddable":true,"href":"https:\/\/infosports.com.ar\/web\/wp-json\/wp\/v2\/users\/3"}],"replies":[{"embeddable":true,"href":"https:\/\/infosports.com.ar\/web\/wp-json\/wp\/v2\/comments?post=4294"}],"version-history":[{"count":1,"href":"https:\/\/infosports.com.ar\/web\/wp-json\/wp\/v2\/posts\/4294\/revisions"}],"predecessor-version":[{"id":4296,"href":"https:\/\/infosports.com.ar\/web\/wp-json\/wp\/v2\/posts\/4294\/revisions\/4296"}],"wp:attachment":[{"href":"https:\/\/infosports.com.ar\/web\/wp-json\/wp\/v2\/media?parent=4294"}],"wp:term":[{"taxonomy":"category","embeddable":true,"href":"https:\/\/infosports.com.ar\/web\/wp-json\/wp\/v2\/categories?post=4294"},{"taxonomy":"post_tag","embeddable":true,"href":"https:\/\/infosports.com.ar\/web\/wp-json\/wp\/v2\/tags?post=4294"}],"curies":[{"name":"wp","href":"https:\/\/api.w.org\/{rel}","templated":true}]}}