{"id":4297,"date":"2023-11-29T19:45:13","date_gmt":"2023-11-29T19:45:13","guid":{"rendered":"https:\/\/infosports.com.ar\/web\/?p=4297"},"modified":"2023-11-29T19:45:13","modified_gmt":"2023-11-29T19:45:13","slug":"falta-menos-para-el-rally-integracion-catriel-25-de-mayo","status":"publish","type":"post","link":"https:\/\/infosports.com.ar\/web\/falta-menos-para-el-rally-integracion-catriel-25-de-mayo\/","title":{"rendered":"Falta menos para el Rally Integraci\u00f3n Catriel \u2013 25 de Mayo"},"content":{"rendered":"<p>El \u00faltimo fin de semana de octubre se correr\u00e1 la 7\u00b0 fecha del Rally Regional en\u00a0<a href=\"https:\/\/catriel25noticias.com\/\" target=\"_blank\" rel=\"nofollow noopener\">Catriel<\/a>\u00a0y 25 de Mayo. Ser\u00e1n 2 etapas distribuidas en las dos jornadas, s\u00e1bado 27 y domingo 28. Organiza ADAC, fiscaliza AVGR. Varios pilotos locales preparan sus m\u00e1quinas para este evento.<!--more--><span id=\"more-177728\"><\/span><\/p>\n<p>Seg\u00fan se inform\u00f3, la largada simb\u00f3lica ser\u00e1 el viernes\u00a0 alas 20 horas en Avda San Mart\u00edn, ingreso al predio de deportes municipal.<\/p>\n<p>El parque cerrado, verificaci\u00f3n t\u00e9cnica y entrega de premios ser\u00e1 en el play\u00f3n de Bomberos de\u00a0<a href=\"https:\/\/catriel25noticias.com\/\" target=\"_blank\" rel=\"nofollow noopener\">Catriel<\/a>.<\/p>\n<p>La competencia comenzar\u00e1 el s\u00e1bado cerca de las 12:53\u00a0 horas, la prueba ser\u00e1 (25 de Mayo \u2013 Zoxi), la misma se repite a las 15,39 hs. En la misma jornada se completar\u00e1 la etapa con dos PC (Puesto Soto \u2013 Los Loros), a las 13:41 y a las 16:27 hs. Finalizando cerca de las 17:30 hs.<\/p>\n<p>El domingo el primer auto partir\u00e1\u00a0 desde parque cerrado a las 10:00 hs.\u00a0 Las 10:43 comienza la segunda etapa con el PC (Ruta 151 \u2013 Kart\u00f3dromo). Se completar\u00e1n 4 PC y la entrega de premios ser\u00e1 cerca de las 15:00 hs.<\/p>\n<p><a href=\"https:\/\/infosports.com.ar\/web\/wp-content\/uploads\/2023\/10\/rally-catriel25-1-241x363-1.webp\"><img loading=\"lazy\" decoding=\"async\" class=\"alignnone size-medium wp-image-4298\" src=\"https:\/\/infosports.com.ar\/web\/wp-content\/uploads\/2023\/10\/rally-catriel25-1-241x363-1-199x300.webp\" alt=\"\" width=\"199\" height=\"300\" \/><\/a> <a href=\"https:\/\/infosports.com.ar\/web\/wp-content\/uploads\/2023\/10\/rally-catriel25-242x363-1.webp\"><img loading=\"lazy\" decoding=\"async\" class=\"alignnone size-medium wp-image-4299\" src=\"https:\/\/infosports.com.ar\/web\/wp-content\/uploads\/2023\/10\/rally-catriel25-242x363-1-200x300.webp\" alt=\"\" width=\"200\" height=\"300\" \/><\/a><\/p>\n","protected":false},"excerpt":{"rendered":"<p>El \u00faltimo fin de semana de octubre se correr\u00e1 la 7\u00b0 fecha del Rally Regional en\u00a0Catriel\u00a0y 25 de Mayo. Ser\u00e1n 2 etapas distribuidas en las dos jornadas, s\u00e1bado 27 y domingo 28. Organiza ADAC, fiscaliza AVGR. Varios pilotos locales preparan sus m\u00e1quinas para este evento.<\/p>\n","protected":false},"author":3,"featured_media":0,"comment_status":"open","ping_status":"open","sticky":false,"template":"","format":"standard","meta":{"_acf_changed":false,"footnotes":""},"categories":[1],"tags":[],"class_list":{"0":"post-4297","1":"post","2":"type-post","3":"status-publish","4":"format-standard","6":"category-sin-categoria"},"acf":[],"aioseo_notices":[],"_links":{"self":[{"href":"https:\/\/infosports.com.ar\/web\/wp-json\/wp\/v2\/posts\/4297","targetHints":{"allow":["GET"]}}],"collection":[{"href":"https:\/\/infosports.com.ar\/web\/wp-json\/wp\/v2\/posts"}],"about":[{"href":"https:\/\/infosports.com.ar\/web\/wp-json\/wp\/v2\/types\/post"}],"author":[{"embeddable":true,"href":"https:\/\/infosports.com.ar\/web\/wp-json\/wp\/v2\/users\/3"}],"replies":[{"embeddable":true,"href":"https:\/\/infosports.com.ar\/web\/wp-json\/wp\/v2\/comments?post=4297"}],"version-history":[{"count":1,"href":"https:\/\/infosports.com.ar\/web\/wp-json\/wp\/v2\/posts\/4297\/revisions"}],"predecessor-version":[{"id":4301,"href":"https:\/\/infosports.com.ar\/web\/wp-json\/wp\/v2\/posts\/4297\/revisions\/4301"}],"wp:attachment":[{"href":"https:\/\/infosports.com.ar\/web\/wp-json\/wp\/v2\/media?parent=4297"}],"wp:term":[{"taxonomy":"category","embeddable":true,"href":"https:\/\/infosports.com.ar\/web\/wp-json\/wp\/v2\/categories?post=4297"},{"taxonomy":"post_tag","embeddable":true,"href":"https:\/\/infosports.com.ar\/web\/wp-json\/wp\/v2\/tags?post=4297"}],"curies":[{"name":"wp","href":"https:\/\/api.w.org\/{rel}","templated":true}]}}