{"id":4358,"date":"2023-11-29T19:45:12","date_gmt":"2023-11-29T19:45:12","guid":{"rendered":"https:\/\/infosports.com.ar\/web\/?p=4358"},"modified":"2023-11-29T19:45:12","modified_gmt":"2023-11-29T19:45:12","slug":"rally-integracion-mauro-debasa-gano-de-punta-a-punta-zille-cuarto","status":"publish","type":"post","link":"https:\/\/infosports.com.ar\/web\/rally-integracion-mauro-debasa-gano-de-punta-a-punta-zille-cuarto\/","title":{"rendered":"Rally Integraci\u00f3n: Mauro Debasa gan\u00f3 de punta a punta. Zille cuarto"},"content":{"rendered":"<p>Catriel-En una competencia que se vio alterada en su desarrollo por el fuerte viento (70 km\/h), se llevo a cabo el Rally Integraci\u00f3n Catriel\/25 de Mayo, los locales Debasa\/Aman lograron dominar desde la primera prueba especial, con regularidad y solvencia.<!--more--><span id=\"more-32488\"><\/span><span id=\"more-177977\"><\/span><\/p>\n<p>A esta prueba llegaba como campe\u00f3n del binomio Craievich\/Gagliardi, y en\u00a0<a href=\"https:\/\/catriel25noticias.com\/\" target=\"_blank\" rel=\"nofollow noopener\">Catriel<\/a>\u00a0logro el titulo el de la categor\u00eda A6 Jos\u00e9 Luis G\u00f3mez\/Ignacio Casamiquela, y en la categor\u00eda A1 Lucas Sede\/Guillermo Angeloni.<\/p>\n<p><a href=\"https:\/\/i0.wp.com\/catriel25noticias.com\/wp-content\/uploads\/2023\/10\/rally-catriel-premios2.jpg?ssl=1\" target=\"_blank\" rel=\"noopener\"><img loading=\"lazy\" decoding=\"async\" class=\"size-large wp-image-177980 aligncenter\" src=\"https:\/\/i0.wp.com\/catriel25noticias.com\/wp-content\/uploads\/2023\/10\/rally-catriel-premios2-484x363.jpg?resize=484%2C363&amp;ssl=1\" alt=\"\" width=\"484\" height=\"363\" \/><\/a><\/p>\n<p>La entrega de premios se llev\u00f3 a cabo en el sal\u00f3n Bomberos con al presencia de la Intendente Viviana Germanier, la presidente del Deliberante Nancy Gonz\u00e1les y dirigentes.<\/p>\n<p>Adem\u00e1s de los trofeos a los ganadores de cada categor\u00eda, se otorg\u00f3 el premio Juan Tom\u00e1s Debassa al ganador de la 1\u00b0 etapa (Mauro Debassa \u2013\u00a0 Mat\u00edas Aman).<\/p>\n<p><a href=\"https:\/\/i0.wp.com\/catriel25noticias.com\/wp-content\/uploads\/2023\/10\/rally-catriel-premios.jpg?ssl=1\" target=\"_blank\" rel=\"noopener\"><img loading=\"lazy\" decoding=\"async\" class=\"size-large wp-image-177978 aligncenter\" src=\"https:\/\/i0.wp.com\/catriel25noticias.com\/wp-content\/uploads\/2023\/10\/rally-catriel-premios-484x363.jpg?resize=484%2C363&amp;ssl=1\" alt=\"\" width=\"484\" height=\"363\" \/><\/a><\/p>\n<p>El premio Bambino Aguilera (homenaje al reconocido comunicador del automovilismo regional), tambi\u00e9n fue para Debasa \u2013 Aman.<\/p>\n<p><a href=\"https:\/\/i0.wp.com\/catriel25noticias.com\/wp-content\/uploads\/2023\/10\/rally-catriel-ruta2.jpg?ssl=1\" target=\"_blank\" rel=\"noopener\"><img loading=\"lazy\" decoding=\"async\" class=\"size-large wp-image-177983 aligncenter\" src=\"https:\/\/i0.wp.com\/catriel25noticias.com\/wp-content\/uploads\/2023\/10\/rally-catriel-ruta2-484x363.jpg?resize=484%2C363&amp;ssl=1\" alt=\"\" width=\"484\" height=\"363\" data-recalc-dims=\"1\" \/><\/a><\/p>\n<p>El Presidente de la AVGR (Goyo Mart\u00ednez), anunci\u00f3 que en conversaciones con al Intendente Electa (Daniela Salzotto), se avanz\u00f3 en cerrar fecha para el a\u00f1o pr\u00f3ximo.<\/p>\n<p><a href=\"https:\/\/i0.wp.com\/catriel25noticias.com\/wp-content\/uploads\/2023\/10\/rally-catriel-ruta1.jpg?ssl=1\" target=\"_blank\" rel=\"noopener\"><img loading=\"lazy\" decoding=\"async\" class=\"size-large wp-image-177981 aligncenter\" src=\"https:\/\/i0.wp.com\/catriel25noticias.com\/wp-content\/uploads\/2023\/10\/rally-catriel-ruta1-484x363.jpg?resize=484%2C363&amp;ssl=1\" alt=\"\" width=\"484\" height=\"363\" data-recalc-dims=\"1\" \/><\/a><\/p>\n<p>Desde la AVGR destacaron la excelente organizaci\u00f3n y log\u00edstica por parte de la organizaci\u00f3n local (ADAC). Y se agradeci\u00f3 a organizaciones e instituciones que colaboraron en el desarrollo de la competencia, (Bomberos, Polic\u00eda, Tr\u00e1nsito, Salud, etc).<\/p>\n<p><strong>CLASIFICACION:<\/strong><\/p>\n<p><a href=\"https:\/\/i0.wp.com\/catriel25noticias.com\/wp-content\/uploads\/2023\/10\/rally-clasif.png?ssl=1\" target=\"_blank\" rel=\"noopener\"><img loading=\"lazy\" decoding=\"async\" class=\"size-large wp-image-177993 aligncenter\" src=\"https:\/\/i0.wp.com\/catriel25noticias.com\/wp-content\/uploads\/2023\/10\/rally-clasif-461x363.png?resize=461%2C363&amp;ssl=1\" alt=\"\" width=\"461\" height=\"363\" data-recalc-dims=\"1\" \/><\/a><a href=\"https:\/\/i0.wp.com\/catriel25noticias.com\/wp-content\/uploads\/2023\/10\/rally-clasf-1.png?ssl=1\" target=\"_blank\" rel=\"noopener\"><img loading=\"lazy\" decoding=\"async\" class=\"size-large wp-image-177995 aligncenter\" src=\"https:\/\/i0.wp.com\/catriel25noticias.com\/wp-content\/uploads\/2023\/10\/rally-clasf-1-401x363.png?resize=401%2C363&amp;ssl=1\" alt=\"\" width=\"401\" height=\"363\" data-recalc-dims=\"1\" \/><\/a><\/p>\n<p><a href=\"https:\/\/i0.wp.com\/catriel25noticias.com\/wp-content\/uploads\/2023\/10\/rally-catriel-ruta4.jpg?ssl=1\" target=\"_blank\" rel=\"noopener\"><img loading=\"lazy\" decoding=\"async\" class=\"size-large wp-image-177986 aligncenter\" src=\"https:\/\/i0.wp.com\/catriel25noticias.com\/wp-content\/uploads\/2023\/10\/rally-catriel-ruta4-484x363.jpg?resize=484%2C363&amp;ssl=1\" alt=\"\" width=\"484\" height=\"363\" data-recalc-dims=\"1\" \/><\/a><\/p>\n<p>La pr\u00f3xima y \u00faltima fecha del Rally ser\u00e1 en las grutas a fines de Noviembre.<\/p>\n<p><a href=\"https:\/\/i0.wp.com\/catriel25noticias.com\/wp-content\/uploads\/2023\/10\/rally-catriel-ruta5.jpg?ssl=1\" target=\"_blank\" rel=\"noopener\"><img loading=\"lazy\" decoding=\"async\" class=\"size-large wp-image-177987 aligncenter\" src=\"https:\/\/i0.wp.com\/catriel25noticias.com\/wp-content\/uploads\/2023\/10\/rally-catriel-ruta5-484x363.jpg?resize=484%2C363&amp;ssl=1\" alt=\"\" width=\"484\" height=\"363\" data-recalc-dims=\"1\" \/><\/a><a href=\"https:\/\/i0.wp.com\/catriel25noticias.com\/wp-content\/uploads\/2023\/10\/rally-catriel-ruta.jpg?ssl=1\" target=\"_blank\" rel=\"noopener\"><img loading=\"lazy\" decoding=\"async\" class=\"size-large wp-image-177982 aligncenter\" src=\"https:\/\/i0.wp.com\/catriel25noticias.com\/wp-content\/uploads\/2023\/10\/rally-catriel-ruta-484x363.jpg?resize=484%2C363&amp;ssl=1\" alt=\"\" width=\"484\" height=\"363\" data-recalc-dims=\"1\" \/><\/a><a href=\"https:\/\/i0.wp.com\/catriel25noticias.com\/wp-content\/uploads\/2023\/10\/rally-catriel-ruta3-1.jpg?ssl=1\" target=\"_blank\" rel=\"noopener\"><img loading=\"lazy\" decoding=\"async\" class=\"size-large wp-image-177985 aligncenter\" src=\"https:\/\/i0.wp.com\/catriel25noticias.com\/wp-content\/uploads\/2023\/10\/rally-catriel-ruta3-1-484x363.jpg?resize=484%2C363&amp;ssl=1\" alt=\"\" width=\"484\" height=\"363\" data-recalc-dims=\"1\" \/><\/a><\/p>\n<div class=\"stream-item stream-item-below-post-content\"><\/div>\n<div class=\"sharedaddy sd-sharing-enabled\">\n<div class=\"robots-nocontent sd-block sd-social sd-social-icon-text sd-sharing\">\n<h3 class=\"sd-title\"><\/h3>\n<\/div>\n<\/div>\n","protected":false},"excerpt":{"rendered":"<p>Catriel-En una competencia que se vio alterada en su desarrollo por el fuerte viento (70 km\/h), se llevo a cabo el Rally Integraci\u00f3n Catriel\/25 de Mayo, los locales Debasa\/Aman lograron dominar desde la primera prueba especial, con regularidad y solvencia.<\/p>\n","protected":false},"author":3,"featured_media":0,"comment_status":"open","ping_status":"open","sticky":false,"template":"","format":"standard","meta":{"_acf_changed":false,"footnotes":""},"categories":[1],"tags":[],"class_list":{"0":"post-4358","1":"post","2":"type-post","3":"status-publish","4":"format-standard","6":"category-sin-categoria"},"acf":[],"aioseo_notices":[],"_links":{"self":[{"href":"https:\/\/infosports.com.ar\/web\/wp-json\/wp\/v2\/posts\/4358","targetHints":{"allow":["GET"]}}],"collection":[{"href":"https:\/\/infosports.com.ar\/web\/wp-json\/wp\/v2\/posts"}],"about":[{"href":"https:\/\/infosports.com.ar\/web\/wp-json\/wp\/v2\/types\/post"}],"author":[{"embeddable":true,"href":"https:\/\/infosports.com.ar\/web\/wp-json\/wp\/v2\/users\/3"}],"replies":[{"embeddable":true,"href":"https:\/\/infosports.com.ar\/web\/wp-json\/wp\/v2\/comments?post=4358"}],"version-history":[{"count":1,"href":"https:\/\/infosports.com.ar\/web\/wp-json\/wp\/v2\/posts\/4358\/revisions"}],"predecessor-version":[{"id":4360,"href":"https:\/\/infosports.com.ar\/web\/wp-json\/wp\/v2\/posts\/4358\/revisions\/4360"}],"wp:attachment":[{"href":"https:\/\/infosports.com.ar\/web\/wp-json\/wp\/v2\/media?parent=4358"}],"wp:term":[{"taxonomy":"category","embeddable":true,"href":"https:\/\/infosports.com.ar\/web\/wp-json\/wp\/v2\/categories?post=4358"},{"taxonomy":"post_tag","embeddable":true,"href":"https:\/\/infosports.com.ar\/web\/wp-json\/wp\/v2\/tags?post=4358"}],"curies":[{"name":"wp","href":"https:\/\/api.w.org\/{rel}","templated":true}]}}