{"id":4376,"date":"2023-11-29T19:45:13","date_gmt":"2023-11-29T19:45:13","guid":{"rendered":"https:\/\/infosports.com.ar\/web\/?p=4376"},"modified":"2023-11-29T19:45:13","modified_gmt":"2023-11-29T19:45:13","slug":"claudio-urquiza-gano-de-punta-a-punta-la-prueba-rural-bike","status":"publish","type":"post","link":"https:\/\/infosports.com.ar\/web\/claudio-urquiza-gano-de-punta-a-punta-la-prueba-rural-bike\/","title":{"rendered":"Claudio Urquiza gan\u00f3 de punta a punta la prueba \u201cRural Bike\u201d"},"content":{"rendered":"<p>El \u201cruso\u201d Urquiza la rompi\u00f3 y lider\u00f3 de punta a punta la prueba de MTB \u201cRural Bike\u201d, donde se qued\u00f3 con la general y la divisional. (infosports.com.ar\/webweb\/ \/ FM Alas)<!--more--><\/p>\n<p>El ciclista Catrielense, se present\u00f3 en la prueba deportiva acontecida en Contra Almirante Cordero, el 5 del corriente mes, donde sorte\u00f3 los 40kmts de recorrido.<\/p>\n<p>As\u00ed, el ciclista que representa al Sindicato de Petroleros volvi\u00f3 a obtener una destacada actuaci\u00f3n, demostrando que viene en ascenso desde hace varias carreras y esta vez lo volvi\u00f3 a plasmar en pista.<\/p>\n","protected":false},"excerpt":{"rendered":"<p>El \u201cruso\u201d Urquiza la rompi\u00f3 y lider\u00f3 de punta a punta la prueba de MTB \u201cRural Bike\u201d, donde se qued\u00f3 con la general y la divisional. (infosports.com.ar\/webweb\/ \/ FM Alas)<\/p>\n","protected":false},"author":3,"featured_media":0,"comment_status":"open","ping_status":"open","sticky":false,"template":"","format":"standard","meta":{"_acf_changed":false,"footnotes":""},"categories":[1],"tags":[],"class_list":{"0":"post-4376","1":"post","2":"type-post","3":"status-publish","4":"format-standard","6":"category-sin-categoria"},"acf":[],"aioseo_notices":[],"_links":{"self":[{"href":"https:\/\/infosports.com.ar\/web\/wp-json\/wp\/v2\/posts\/4376","targetHints":{"allow":["GET"]}}],"collection":[{"href":"https:\/\/infosports.com.ar\/web\/wp-json\/wp\/v2\/posts"}],"about":[{"href":"https:\/\/infosports.com.ar\/web\/wp-json\/wp\/v2\/types\/post"}],"author":[{"embeddable":true,"href":"https:\/\/infosports.com.ar\/web\/wp-json\/wp\/v2\/users\/3"}],"replies":[{"embeddable":true,"href":"https:\/\/infosports.com.ar\/web\/wp-json\/wp\/v2\/comments?post=4376"}],"version-history":[{"count":2,"href":"https:\/\/infosports.com.ar\/web\/wp-json\/wp\/v2\/posts\/4376\/revisions"}],"predecessor-version":[{"id":4383,"href":"https:\/\/infosports.com.ar\/web\/wp-json\/wp\/v2\/posts\/4376\/revisions\/4383"}],"wp:attachment":[{"href":"https:\/\/infosports.com.ar\/web\/wp-json\/wp\/v2\/media?parent=4376"}],"wp:term":[{"taxonomy":"category","embeddable":true,"href":"https:\/\/infosports.com.ar\/web\/wp-json\/wp\/v2\/categories?post=4376"},{"taxonomy":"post_tag","embeddable":true,"href":"https:\/\/infosports.com.ar\/web\/wp-json\/wp\/v2\/tags?post=4376"}],"curies":[{"name":"wp","href":"https:\/\/api.w.org\/{rel}","templated":true}]}}