{"id":4380,"date":"2023-11-29T19:45:13","date_gmt":"2023-11-29T19:45:13","guid":{"rendered":"https:\/\/infosports.com.ar\/web\/?p=4380"},"modified":"2023-11-29T19:45:13","modified_gmt":"2023-11-29T19:45:13","slug":"catrielenses-metieron-podios-en-balsas-las-perlas","status":"publish","type":"post","link":"https:\/\/infosports.com.ar\/web\/catrielenses-metieron-podios-en-balsas-las-perlas\/","title":{"rendered":"Catrielenses metieron podios en \u201cBalsas Las Perlas\u201d"},"content":{"rendered":"<p>El pasado fin de semana Balsas Las Perlas fue sede de una nueva fecha del ciclismo regional, esta vez con su primera edici\u00f3n \u201cDesaf\u00edo al Tordillo\u201d, donde Reina y Chuquim\u00eda se metieron en el podio. (infosports.com.ar\/webweb\/ \/ FM Alas)<!--more--><\/p>\n<p>La prueba de Mountainbike fue para los catrielenses de 50 kil\u00f3metros a sortear, donde Jos\u00e9 Luis \u201cel negro\u201d Reina se ubic\u00f3 en el 3\u00b0 puesto de la categor\u00eda C1, mientras que Arturo Chuquim\u00eda se posicion\u00f3 2\u00b0 en la divisional C2<\/p>\n","protected":false},"excerpt":{"rendered":"<p>El pasado fin de semana Balsas Las Perlas fue sede de una nueva fecha del ciclismo regional, esta vez con su primera edici\u00f3n \u201cDesaf\u00edo al Tordillo\u201d, donde Reina y Chuquim\u00eda se metieron en el podio. (infosports.com.ar\/webweb\/ \/ FM Alas)<\/p>\n","protected":false},"author":3,"featured_media":0,"comment_status":"open","ping_status":"open","sticky":false,"template":"","format":"standard","meta":{"_acf_changed":false,"footnotes":""},"categories":[1],"tags":[],"class_list":{"0":"post-4380","1":"post","2":"type-post","3":"status-publish","4":"format-standard","6":"category-sin-categoria"},"acf":[],"aioseo_notices":[],"_links":{"self":[{"href":"https:\/\/infosports.com.ar\/web\/wp-json\/wp\/v2\/posts\/4380","targetHints":{"allow":["GET"]}}],"collection":[{"href":"https:\/\/infosports.com.ar\/web\/wp-json\/wp\/v2\/posts"}],"about":[{"href":"https:\/\/infosports.com.ar\/web\/wp-json\/wp\/v2\/types\/post"}],"author":[{"embeddable":true,"href":"https:\/\/infosports.com.ar\/web\/wp-json\/wp\/v2\/users\/3"}],"replies":[{"embeddable":true,"href":"https:\/\/infosports.com.ar\/web\/wp-json\/wp\/v2\/comments?post=4380"}],"version-history":[{"count":1,"href":"https:\/\/infosports.com.ar\/web\/wp-json\/wp\/v2\/posts\/4380\/revisions"}],"predecessor-version":[{"id":4382,"href":"https:\/\/infosports.com.ar\/web\/wp-json\/wp\/v2\/posts\/4380\/revisions\/4382"}],"wp:attachment":[{"href":"https:\/\/infosports.com.ar\/web\/wp-json\/wp\/v2\/media?parent=4380"}],"wp:term":[{"taxonomy":"category","embeddable":true,"href":"https:\/\/infosports.com.ar\/web\/wp-json\/wp\/v2\/categories?post=4380"},{"taxonomy":"post_tag","embeddable":true,"href":"https:\/\/infosports.com.ar\/web\/wp-json\/wp\/v2\/tags?post=4380"}],"curies":[{"name":"wp","href":"https:\/\/api.w.org\/{rel}","templated":true}]}}