{"id":4384,"date":"2023-11-29T19:45:13","date_gmt":"2023-11-29T19:45:13","guid":{"rendered":"https:\/\/infosports.com.ar\/web\/?p=4384"},"modified":"2023-11-29T19:45:13","modified_gmt":"2023-11-29T19:45:13","slug":"el-voley-catrielense-medalla-de-bronce-en-el-provincial","status":"publish","type":"post","link":"https:\/\/infosports.com.ar\/web\/el-voley-catrielense-medalla-de-bronce-en-el-provincial\/","title":{"rendered":"El v\u00f3ley Catrielense subcampeonas en el Provincial"},"content":{"rendered":"<p>La Escuela de Iniciaci\u00f3n al V\u00f3ley 306 cerr\u00f3 su estad\u00eda en el Provincial de la especialidad, ubic\u00e1ndose en el segundo puesto del podio. (infosports.com.ar\/webweb\/ \/ FM Alas).<!--more--><\/p>\n<p>El evento cerr\u00f3 su instancia final de la temporada el pasado fin de semana en la categor\u00eda sub16, dividi\u00e9ndose el torneo en copas de oro, plata y bronce.<\/p>\n<p>As\u00ed la Escuela de Iniciaci\u00f3n al V\u00f3ley 306, logr\u00f3 hacerse con el bronce, compitiendo por la presea contra Viedma, Fern\u00e1ndez Oro, Bariloche y Empleados de Comercio. Las representantes de Catriel participaron de la etapa de la copa mencionada en un &#8220;todos contra todos&#8221;, arribando al ultimo partido donde cayeron frente a Bariloche por 3-2 y as\u00ed qued\u00e1ndose con el subcampeonato en la copa de Bronce<\/p>\n","protected":false},"excerpt":{"rendered":"<p>La Escuela de Iniciaci\u00f3n al V\u00f3ley 306 cerr\u00f3 su estad\u00eda en el Provincial de la especialidad, ubic\u00e1ndose en el segundo puesto del podio. (infosports.com.ar\/webweb\/ \/ FM Alas).<\/p>\n","protected":false},"author":3,"featured_media":0,"comment_status":"open","ping_status":"open","sticky":false,"template":"","format":"standard","meta":{"_acf_changed":false,"footnotes":""},"categories":[1],"tags":[],"class_list":{"0":"post-4384","1":"post","2":"type-post","3":"status-publish","4":"format-standard","6":"category-sin-categoria"},"acf":[],"aioseo_notices":[],"_links":{"self":[{"href":"https:\/\/infosports.com.ar\/web\/wp-json\/wp\/v2\/posts\/4384","targetHints":{"allow":["GET"]}}],"collection":[{"href":"https:\/\/infosports.com.ar\/web\/wp-json\/wp\/v2\/posts"}],"about":[{"href":"https:\/\/infosports.com.ar\/web\/wp-json\/wp\/v2\/types\/post"}],"author":[{"embeddable":true,"href":"https:\/\/infosports.com.ar\/web\/wp-json\/wp\/v2\/users\/3"}],"replies":[{"embeddable":true,"href":"https:\/\/infosports.com.ar\/web\/wp-json\/wp\/v2\/comments?post=4384"}],"version-history":[{"count":3,"href":"https:\/\/infosports.com.ar\/web\/wp-json\/wp\/v2\/posts\/4384\/revisions"}],"predecessor-version":[{"id":4394,"href":"https:\/\/infosports.com.ar\/web\/wp-json\/wp\/v2\/posts\/4384\/revisions\/4394"}],"wp:attachment":[{"href":"https:\/\/infosports.com.ar\/web\/wp-json\/wp\/v2\/media?parent=4384"}],"wp:term":[{"taxonomy":"category","embeddable":true,"href":"https:\/\/infosports.com.ar\/web\/wp-json\/wp\/v2\/categories?post=4384"},{"taxonomy":"post_tag","embeddable":true,"href":"https:\/\/infosports.com.ar\/web\/wp-json\/wp\/v2\/tags?post=4384"}],"curies":[{"name":"wp","href":"https:\/\/api.w.org\/{rel}","templated":true}]}}