{"id":4387,"date":"2023-11-29T19:45:13","date_gmt":"2023-11-29T19:45:13","guid":{"rendered":"https:\/\/infosports.com.ar\/web\/?p=4387"},"modified":"2023-11-29T19:45:13","modified_gmt":"2023-11-29T19:45:13","slug":"la-depo-y-pillmatun-no-se-sacaron-ventaja","status":"publish","type":"post","link":"https:\/\/infosports.com.ar\/web\/la-depo-y-pillmatun-no-se-sacaron-ventaja\/","title":{"rendered":"\u201cLa Depo\u201d Y \u201cPillmatun\u201d no se sacaron ventaja"},"content":{"rendered":"<p>Por la segunda fecha del TRFA, \u201cLa Depo\u201d y la Academia \u201cPillmatun\u201d igualaron en dos tantos.<!--more--><span id=\"more-178166\"><\/span><\/p>\n<p>Fue un entretenido partido d\u00f3nde los locales se encontraron dos veces arriba en el marcador , a los 12 minutos abri\u00f3 el arco Mat\u00edas Rivero y un rato despu\u00e9s el pato Barraza de cabeza para la visita.<\/p>\n<p><a href=\"https:\/\/catriel25noticias.com\/wp-content\/uploads\/2023\/11\/DEPO2023-2.jpg\" target=\"_blank\" rel=\"noopener\"><img loading=\"lazy\" decoding=\"async\" class=\"size-large wp-image-178168 aligncenter\" src=\"https:\/\/catriel25noticias.com\/wp-content\/uploads\/2023\/11\/DEPO2023-2-545x363.jpg\" alt=\"\" width=\"545\" height=\"363\" \/><\/a><\/p>\n<p>Antes del final del primer tiempo volvi\u00f3 a ponerse en ventaja Catriel con gol de Ren\u00e9 Meyreles, y as\u00ed se fueron al descanso.<\/p>\n<div id=\"inline-related-post\" class=\"mag-box mini-posts-box content-only\">\n<div class=\"container-wrapper\">\n<div class=\"widget-title the-global-title has-block-head-4\">\n<div class=\"the-subtitle\">Publicaciones relacionadas<\/div>\n<\/div>\n<div class=\"mag-box-container clearfix\">\n<ul class=\"posts-items posts-list-container\">\n<li class=\"widget-single-post-item widget-post-list tie-standard\">\n<div class=\"post-widget-thumbnail\"><a class=\"post-thumb\" href=\"https:\/\/catriel25noticias.com\/salzotto-con-weretilneck-fue-una-reunion-muy-positiva\/\" aria-label=\"Salzotto con Weretilneck: \u201cFue una reuni\u00f3n muy positiva\u201d\"><img loading=\"lazy\" decoding=\"async\" class=\"attachment-jannah-image-small size-jannah-image-small lazy-img tie-small-image wp-post-image\" title=\"Salzotto con Weretilneck: \u201cFue una reuni\u00f3n muy positiva\u201d\" src=\"https:\/\/catriel25noticias.com\/wp-content\/uploads\/2023\/11\/were-salzotto-dantas-e1699361063621-220x150.jpg\" alt=\"Salzotto con Weretilneck: \u201cFue una reuni\u00f3n muy positiva\u201d\" width=\"220\" height=\"150\" \/><\/a><\/div>\n<div class=\"post-widget-body \"><a class=\"post-title the-subtitle\" href=\"https:\/\/catriel25noticias.com\/salzotto-con-weretilneck-fue-una-reunion-muy-positiva\/\">Salzotto con Weretilneck: \u201cFue una reuni\u00f3n muy positiva\u201d<\/a><\/p>\n<div class=\"post-meta\"><span class=\"date meta-item tie-icon\">7 noviembre, 2023<\/span><\/div>\n<\/div>\n<\/li>\n<\/ul>\n<\/div>\n<\/div>\n<\/div>\n<p><a href=\"https:\/\/catriel25noticias.com\/wp-content\/uploads\/2023\/11\/PILMATUM.jpg\" target=\"_blank\" rel=\"noopener\"><img loading=\"lazy\" decoding=\"async\" class=\"size-large wp-image-178172 aligncenter\" src=\"https:\/\/catriel25noticias.com\/wp-content\/uploads\/2023\/11\/PILMATUM-545x363.jpg\" alt=\"\" width=\"545\" height=\"363\" \/><\/a><\/p>\n<p>En el segundo tiempo, Catriel controlaba el juego y la pelota, desaprovechando algunas situaciones para aumentar q despu\u00e9s lamentar\u00cda ya que cerca de los 23 minutos Bruno Weienser empatar\u00eda el partido con un derechazo de afuera del \u00e1rea. De ah\u00ed en m\u00e1s, el local realiz\u00f3 algunas modificaciones, sigui\u00f3 siendo superior pero no pudo desnivelar, cuando ya se jugaba el tiempo agregado, Luis Sep\u00falveda arquero visitante protagoniz\u00f3 la mejor atajada del encuentro al desviar un cabezazo del paraguayo Duarte que ten\u00eda destino de gol. Terminando un partido din\u00e1mico pero que no tuvo ganadores.<\/p>\n<p><a href=\"https:\/\/catriel25noticias.com\/wp-content\/uploads\/2023\/11\/DEPO2023-1.jpg\" target=\"_blank\" rel=\"noopener\"><img loading=\"lazy\" decoding=\"async\" class=\"size-large wp-image-178167 aligncenter\" src=\"https:\/\/catriel25noticias.com\/wp-content\/uploads\/2023\/11\/DEPO2023-1-545x363.jpg\" alt=\"\" width=\"545\" height=\"363\" \/><\/a><\/p>\n<p>SINTESIS<\/p>\n<p>Cancha: Uni\u00f3n Deportiva Catriel.<br \/>\n\u00c1rbitro: Emilio Cubria.<br \/>\nIncidencias: no hubo.<br \/>\nGoles:<br \/>\n1-0 11\u2032 Mat\u00edas Rivero (C).<br \/>\n1-1 27\u2032 Leandro Barraza (P).<br \/>\n2-1 45\u2032 Ren\u00e9 Meyreles (C).<br \/>\n2-2 56\u2032 Bruno Weisser (P).<\/p>\n<p><a href=\"https:\/\/catriel25noticias.com\/wp-content\/uploads\/2023\/11\/DEPO-PILMA.jpg\" target=\"_blank\" rel=\"noopener\"><img loading=\"lazy\" decoding=\"async\" class=\"size-large wp-image-178171 aligncenter\" src=\"https:\/\/catriel25noticias.com\/wp-content\/uploads\/2023\/11\/DEPO-PILMA-545x363.jpg\" alt=\"\" width=\"545\" height=\"363\" \/><\/a><\/p>\n<p>Catriel (2): V\u00edctor Gonz\u00e1les; Agust\u00edn Rodr\u00edguez, V\u00edctor Ben\u00edtez, Ren\u00e9 Meyreles, Mauro Bogado; Enzo Petretto, Mauro Flores, Eduardo Fern\u00e1ndez (72\u2032 Leandro Maroa), Mat\u00edas Rivero; Lautaro Rivero (61\u2032 Pablo Barroso) , Mat\u00edas Birulon (61\u2032 Lucas Duarte).<\/p>\n<p>Pillmatun (2): Luis Sep\u00falveda; Marcos Dehais, Maximiliano Sep\u00falveda, Mart\u00edn Pagano, Maximiliano Badilla; Leandro Barraza (72\u2032 Hugo Sep\u00falveda), Franco Uribe, Santiago Vidal (51\u2032 Elias Paranao), Bruno Weisser; Leandro Domini, Marcos Otte (62\u2032 Lucas Santos).<\/p>\n<p>&nbsp;<\/p>\n<p>Por: Mario Mu\u00f1oz (FM Alas)<\/p>\n<p>Fotos: (Nelson D\u00edaz)<\/p>\n","protected":false},"excerpt":{"rendered":"<p>Por la segunda fecha del TRFA, \u201cLa Depo\u201d y la Academia \u201cPillmatun\u201d igualaron en dos tantos.<\/p>\n","protected":false},"author":3,"featured_media":0,"comment_status":"open","ping_status":"open","sticky":false,"template":"","format":"standard","meta":{"_acf_changed":false,"footnotes":""},"categories":[1],"tags":[],"class_list":{"0":"post-4387","1":"post","2":"type-post","3":"status-publish","4":"format-standard","6":"category-sin-categoria"},"acf":[],"aioseo_notices":[],"_links":{"self":[{"href":"https:\/\/infosports.com.ar\/web\/wp-json\/wp\/v2\/posts\/4387","targetHints":{"allow":["GET"]}}],"collection":[{"href":"https:\/\/infosports.com.ar\/web\/wp-json\/wp\/v2\/posts"}],"about":[{"href":"https:\/\/infosports.com.ar\/web\/wp-json\/wp\/v2\/types\/post"}],"author":[{"embeddable":true,"href":"https:\/\/infosports.com.ar\/web\/wp-json\/wp\/v2\/users\/3"}],"replies":[{"embeddable":true,"href":"https:\/\/infosports.com.ar\/web\/wp-json\/wp\/v2\/comments?post=4387"}],"version-history":[{"count":1,"href":"https:\/\/infosports.com.ar\/web\/wp-json\/wp\/v2\/posts\/4387\/revisions"}],"predecessor-version":[{"id":4389,"href":"https:\/\/infosports.com.ar\/web\/wp-json\/wp\/v2\/posts\/4387\/revisions\/4389"}],"wp:attachment":[{"href":"https:\/\/infosports.com.ar\/web\/wp-json\/wp\/v2\/media?parent=4387"}],"wp:term":[{"taxonomy":"category","embeddable":true,"href":"https:\/\/infosports.com.ar\/web\/wp-json\/wp\/v2\/categories?post=4387"},{"taxonomy":"post_tag","embeddable":true,"href":"https:\/\/infosports.com.ar\/web\/wp-json\/wp\/v2\/tags?post=4387"}],"curies":[{"name":"wp","href":"https:\/\/api.w.org\/{rel}","templated":true}]}}