{"id":4390,"date":"2023-11-29T19:45:13","date_gmt":"2023-11-29T19:45:13","guid":{"rendered":"https:\/\/infosports.com.ar\/web\/?p=4390"},"modified":"2023-11-29T19:45:13","modified_gmt":"2023-11-29T19:45:13","slug":"manu-pereyra-regreso-al-pais-tras-sumar-experiencia-en-europa","status":"publish","type":"post","link":"https:\/\/infosports.com.ar\/web\/manu-pereyra-regreso-al-pais-tras-sumar-experiencia-en-europa\/","title":{"rendered":"Manu Pereyra regres\u00f3 al pa\u00eds tras sumar experiencia en Europa"},"content":{"rendered":"<p>La joven deportista de Tenis de Mesa Manu Pereyra, regres\u00f3 al pa\u00eds, luego de un intensivo entrenamiento en Europa y sigue sumando experiencia de cara a un futuro m\u00e1s que promisorio.<!--more--><\/p>\n<p>Manu regres\u00f3 a pedido de su m\u00e9dico y Psic\u00f3logo, ya que presentaba un cuadro de Anemia y agotamiento f\u00edsico y mental tras un a\u00f1o de much\u00edsima actividad deportiva.<\/p>\n<p>Lo principal es la salud destac\u00f3 su coach y padre Cristian Pereyra y cargarse de energ\u00eda positivas con los afectos de su familia y amigos, para enfocarse en lo que falta disputar este a\u00f1o, siempre que los facultativos lo decidan.<\/p>\n<p>Queremos agradecer a sus Sponsor, Vista Energy, Fundaci\u00f3n Laureus, Gobierno de R\u00edo Negro, Autoridades del Enard y Cuerpo T\u00e9cnico Nacional en especial Gustavo Levisman, Luciana Carbajo de la Agencia de Turismo de Mar del Plata, medios de comunicaci\u00f3n y a todas las personas, que siempre estan apoyando de diferentes maneras la carrera deportiva de Manu.<\/p>\n","protected":false},"excerpt":{"rendered":"<p>La joven deportista de Tenis de Mesa Manu Pereyra, regres\u00f3 al pa\u00eds, luego de un intensivo entrenamiento en Europa y sigue sumando experiencia de cara a un futuro m\u00e1s que promisorio.<\/p>\n","protected":false},"author":3,"featured_media":0,"comment_status":"open","ping_status":"open","sticky":false,"template":"","format":"standard","meta":{"_acf_changed":false,"footnotes":""},"categories":[1],"tags":[],"class_list":{"0":"post-4390","1":"post","2":"type-post","3":"status-publish","4":"format-standard","6":"category-sin-categoria"},"acf":[],"aioseo_notices":[],"_links":{"self":[{"href":"https:\/\/infosports.com.ar\/web\/wp-json\/wp\/v2\/posts\/4390","targetHints":{"allow":["GET"]}}],"collection":[{"href":"https:\/\/infosports.com.ar\/web\/wp-json\/wp\/v2\/posts"}],"about":[{"href":"https:\/\/infosports.com.ar\/web\/wp-json\/wp\/v2\/types\/post"}],"author":[{"embeddable":true,"href":"https:\/\/infosports.com.ar\/web\/wp-json\/wp\/v2\/users\/3"}],"replies":[{"embeddable":true,"href":"https:\/\/infosports.com.ar\/web\/wp-json\/wp\/v2\/comments?post=4390"}],"version-history":[{"count":1,"href":"https:\/\/infosports.com.ar\/web\/wp-json\/wp\/v2\/posts\/4390\/revisions"}],"predecessor-version":[{"id":4392,"href":"https:\/\/infosports.com.ar\/web\/wp-json\/wp\/v2\/posts\/4390\/revisions\/4392"}],"wp:attachment":[{"href":"https:\/\/infosports.com.ar\/web\/wp-json\/wp\/v2\/media?parent=4390"}],"wp:term":[{"taxonomy":"category","embeddable":true,"href":"https:\/\/infosports.com.ar\/web\/wp-json\/wp\/v2\/categories?post=4390"},{"taxonomy":"post_tag","embeddable":true,"href":"https:\/\/infosports.com.ar\/web\/wp-json\/wp\/v2\/tags?post=4390"}],"curies":[{"name":"wp","href":"https:\/\/api.w.org\/{rel}","templated":true}]}}