{"id":4396,"date":"2023-11-29T19:45:13","date_gmt":"2023-11-29T19:45:13","guid":{"rendered":"https:\/\/infosports.com.ar\/web\/?p=4396"},"modified":"2023-11-29T19:45:13","modified_gmt":"2023-11-29T19:45:13","slug":"el-veinticinqueno-joaquin-fernandez-es-de-seleccion","status":"publish","type":"post","link":"https:\/\/infosports.com.ar\/web\/el-veinticinqueno-joaquin-fernandez-es-de-seleccion\/","title":{"rendered":"El veinticinque\u00f1o Joaqu\u00edn Fern\u00e1ndez \u00bb es de selecci\u00f3n\u00bb"},"content":{"rendered":"<div class=\"xdj266r x11i5rnm xat24cr x1mh8g0r x1vvkbs x126k92a\">\n<div dir=\"auto\">El joven ciclista local, Joaqu\u00edn Fern\u00e1ndez, ser\u00e1 parte de la Selecci\u00f3n de La Pampa, de cara a los pr\u00f3ximos juegos de la Araucania a disputarse entre el 12 al 17 de noviembre y que este a\u00f1o tendr\u00e1n por sede en la Provincia de R\u00edo Negro.<\/div>\n<\/div>\n<p><!--more--><\/p>\n<p>Este fin de semana se realiz\u00f3 una concentraci\u00f3n y selectiva en una jornada donde se evalu\u00f3 condiciones b\u00e1sicas del ciclista, capacidad para rodar en pelot\u00f3n, t\u00e9cnicas de ruta, formaciones y una charla sobre t\u00e1cticas de competencia.<\/p>\n<div class=\"x11i5rnm xat24cr x1mh8g0r x1vvkbs xtlvy1s x126k92a\">\n<div dir=\"auto\">De esta manera se termin\u00f3 de definir y confirmar el equipo provincial de ciclismo.<\/div>\n<\/div>\n<div class=\"x11i5rnm xat24cr x1mh8g0r x1vvkbs xtlvy1s x126k92a\">\n<div dir=\"auto\"><\/div>\n<div dir=\"auto\">La n\u00f3mina queda constituida por los ciclistas:<\/div>\n<\/div>\n<div class=\"x11i5rnm xat24cr x1mh8g0r x1vvkbs xtlvy1s x126k92a\">\n<div dir=\"auto\">Yain Bellantig ( General Acha )<\/div>\n<div dir=\"auto\">Valentino Stachiotti ( Santa Rosa )<\/div>\n<div dir=\"auto\">Joaqu\u00edn Fern\u00e1ndez ( 25 de Mayo) Benjam\u00edn Simonelli ( General Acha) Tob\u00edas Tripailao ( General Acha)<\/div>\n<\/div>\n<div class=\"x11i5rnm xat24cr x1mh8g0r x1vvkbs xtlvy1s x126k92a\">\n<div dir=\"auto\">T\u00e9cnico: Walter Esp\u00edndola.<\/div>\n<\/div>\n","protected":false},"excerpt":{"rendered":"<p>El joven ciclista local, Joaqu\u00edn Fern\u00e1ndez, ser\u00e1 parte de la Selecci\u00f3n de La Pampa, de cara a los pr\u00f3ximos juegos de la Araucania a disputarse entre el 12 al 17 de noviembre y que este a\u00f1o tendr\u00e1n por sede en la Provincia de R\u00edo Negro.<\/p>\n","protected":false},"author":3,"featured_media":0,"comment_status":"open","ping_status":"open","sticky":false,"template":"","format":"standard","meta":{"_acf_changed":false,"footnotes":""},"categories":[1],"tags":[],"class_list":{"0":"post-4396","1":"post","2":"type-post","3":"status-publish","4":"format-standard","6":"category-sin-categoria"},"acf":[],"aioseo_notices":[],"_links":{"self":[{"href":"https:\/\/infosports.com.ar\/web\/wp-json\/wp\/v2\/posts\/4396","targetHints":{"allow":["GET"]}}],"collection":[{"href":"https:\/\/infosports.com.ar\/web\/wp-json\/wp\/v2\/posts"}],"about":[{"href":"https:\/\/infosports.com.ar\/web\/wp-json\/wp\/v2\/types\/post"}],"author":[{"embeddable":true,"href":"https:\/\/infosports.com.ar\/web\/wp-json\/wp\/v2\/users\/3"}],"replies":[{"embeddable":true,"href":"https:\/\/infosports.com.ar\/web\/wp-json\/wp\/v2\/comments?post=4396"}],"version-history":[{"count":1,"href":"https:\/\/infosports.com.ar\/web\/wp-json\/wp\/v2\/posts\/4396\/revisions"}],"predecessor-version":[{"id":4398,"href":"https:\/\/infosports.com.ar\/web\/wp-json\/wp\/v2\/posts\/4396\/revisions\/4398"}],"wp:attachment":[{"href":"https:\/\/infosports.com.ar\/web\/wp-json\/wp\/v2\/media?parent=4396"}],"wp:term":[{"taxonomy":"category","embeddable":true,"href":"https:\/\/infosports.com.ar\/web\/wp-json\/wp\/v2\/categories?post=4396"},{"taxonomy":"post_tag","embeddable":true,"href":"https:\/\/infosports.com.ar\/web\/wp-json\/wp\/v2\/tags?post=4396"}],"curies":[{"name":"wp","href":"https:\/\/api.w.org\/{rel}","templated":true}]}}