{"id":4417,"date":"2023-11-29T19:45:14","date_gmt":"2023-11-29T19:45:14","guid":{"rendered":"https:\/\/infosports.com.ar\/web\/?p=4417"},"modified":"2023-11-29T19:45:14","modified_gmt":"2023-11-29T19:45:14","slug":"las-formativas-de-la-depo-a-pura-accion-este-fin-de-semana","status":"publish","type":"post","link":"https:\/\/infosports.com.ar\/web\/las-formativas-de-la-depo-a-pura-accion-este-fin-de-semana\/","title":{"rendered":"Las formativas de la Depo a pura acci\u00f3n este fin de semana"},"content":{"rendered":"<p>Las divisiones formativas de la Depo se preparan para un fin de semana a pura acci\u00f3n. (infosports.com.ar\/webweb\/ \/\u00a0 FM Alas)<!--more--><span id=\"more-178274\"><\/span><\/p>\n<p>Desde el pr\u00f3ximo viernes la Uni\u00f3n Deportiva Catriel ver\u00e1 acci\u00f3n iniciando con Tercera en fase eliminatoria, lo mismo para las categor\u00edas que involucra al Bloque Menor y bloque Mayor.<\/p>\n<p>La divisional Tercera, que viene de una estupenda fase de grupos, jugar\u00e1 el viernes a las 21:30hs de local frete a Circulo Italiano.<\/p>\n<p>En tanto el Bloque Mayor, visitar\u00e1 a Ciruclo Italiano, a las 15hs 7\u00b0 divis\u00f3n, 6\u00b0 a las 16:30hs, 5\u00b0 a las 18:30hs.<\/p>\n<p>Por su parte el Bloque Menor, recibe a Roca iniciando con la 10\u00b0 a las 13hs, 9\u00b0 a las 14:30hs, 8\u00b0 16hs.<\/p>\n","protected":false},"excerpt":{"rendered":"<p>Las divisiones formativas de la Depo se preparan para un fin de semana a pura acci\u00f3n. (infosports.com.ar\/webweb\/ \/\u00a0 FM Alas)<\/p>\n","protected":false},"author":3,"featured_media":0,"comment_status":"open","ping_status":"open","sticky":false,"template":"","format":"standard","meta":{"_acf_changed":false,"footnotes":""},"categories":[1],"tags":[],"class_list":{"0":"post-4417","1":"post","2":"type-post","3":"status-publish","4":"format-standard","6":"category-sin-categoria"},"acf":[],"aioseo_notices":[],"_links":{"self":[{"href":"https:\/\/infosports.com.ar\/web\/wp-json\/wp\/v2\/posts\/4417","targetHints":{"allow":["GET"]}}],"collection":[{"href":"https:\/\/infosports.com.ar\/web\/wp-json\/wp\/v2\/posts"}],"about":[{"href":"https:\/\/infosports.com.ar\/web\/wp-json\/wp\/v2\/types\/post"}],"author":[{"embeddable":true,"href":"https:\/\/infosports.com.ar\/web\/wp-json\/wp\/v2\/users\/3"}],"replies":[{"embeddable":true,"href":"https:\/\/infosports.com.ar\/web\/wp-json\/wp\/v2\/comments?post=4417"}],"version-history":[{"count":1,"href":"https:\/\/infosports.com.ar\/web\/wp-json\/wp\/v2\/posts\/4417\/revisions"}],"predecessor-version":[{"id":4418,"href":"https:\/\/infosports.com.ar\/web\/wp-json\/wp\/v2\/posts\/4417\/revisions\/4418"}],"wp:attachment":[{"href":"https:\/\/infosports.com.ar\/web\/wp-json\/wp\/v2\/media?parent=4417"}],"wp:term":[{"taxonomy":"category","embeddable":true,"href":"https:\/\/infosports.com.ar\/web\/wp-json\/wp\/v2\/categories?post=4417"},{"taxonomy":"post_tag","embeddable":true,"href":"https:\/\/infosports.com.ar\/web\/wp-json\/wp\/v2\/tags?post=4417"}],"curies":[{"name":"wp","href":"https:\/\/api.w.org\/{rel}","templated":true}]}}