{"id":6618,"date":"2024-05-13T11:40:07","date_gmt":"2024-05-13T14:40:07","guid":{"rendered":"https:\/\/infosports.com.ar\/web\/?p=6618"},"modified":"2024-05-13T11:40:07","modified_gmt":"2024-05-13T14:40:07","slug":"marcos-contte-la-rompio-en-el-trail-de-montana-valholl-2024","status":"publish","type":"post","link":"https:\/\/infosports.com.ar\/web\/marcos-contte-la-rompio-en-el-trail-de-montana-valholl-2024\/","title":{"rendered":"Marcos Contte la rompi\u00f3 en el Trail de monta\u00f1a Valholl 2024"},"content":{"rendered":"<p>Villa General Belgrano-El deportista Catrielense se destac\u00f3 el pasado fin de semana al ser de los mejores en la edici\u00f3n 2024 de la carrera de Trail de monta\u00f1a Valholl, Contte se qued\u00f3 con el mejor tiempo en los 11k. (FM ALAS-infosports.com.ar)<!--more--><\/p>\n<p>La carrera que es parte de la agenda anual de Trail Mundial se realiz\u00f3 una vez en Villa General Belgrano con diferentes kilometrajes, <strong>seis distancias\u00a0<\/strong>permitiendo a los corredores tener una alternativa a la medida de sus condiciones. Este\u00a0<a href=\"https:\/\/tn.com.ar\/running\/2022\/10\/05\/la-serie-de-carreras-de-montana-mas-importantes-del-mundo-tendra-una-prueba-en-la-argentina-en-2023\/\"><strong>evento\u00a0<\/strong><\/a>ahora es parte del calendario de carreras organizado por la competencia de origen, el Ultra Trail de Mont Blanc, que se lleva adelante en Chamonix, Francia, y es considerado \u201cun mundial de trail running\u201d, gracias a su importancia, dificultad y gran cantidad de participantes de trayectoria y amateurs que asisten.<\/p>\n<p>En dicho contexto Marcos Contte se hizo con la general de la prueba en la distancia mas corta de 11 kilometros con un tiempo de 55min, 35 segundos, desafiando a mas de 400 competidores tanto en la rama femenina, como masculina. Mientras que su peque\u00f1a hija Ariana Contte particip\u00f3 de la prueba de 600 metros denominada Mini Valholl.<\/p>\n<p>La carrera cont\u00f3 en esta edici\u00f3n 2024, con distancias como 11k, 22k, 35k, 55k, 80k y 125k.<\/p>\n<p><a href=\"https:\/\/infosports.com.ar\/web\/wp-content\/uploads\/2024\/05\/438221992_365353189881863_7439306347710338376_n.jpg\"><img loading=\"lazy\" decoding=\"async\" class=\"alignnone size-full wp-image-6620\" src=\"https:\/\/infosports.com.ar\/web\/wp-content\/uploads\/2024\/05\/438221992_365353189881863_7439306347710338376_n.jpg\" alt=\"\" width=\"1204\" height=\"1600\" srcset=\"https:\/\/infosports.com.ar\/web\/wp-content\/uploads\/2024\/05\/438221992_365353189881863_7439306347710338376_n.jpg 1204w, https:\/\/infosports.com.ar\/web\/wp-content\/uploads\/2024\/05\/438221992_365353189881863_7439306347710338376_n-226x300.jpg 226w, https:\/\/infosports.com.ar\/web\/wp-content\/uploads\/2024\/05\/438221992_365353189881863_7439306347710338376_n-771x1024.jpg 771w, https:\/\/infosports.com.ar\/web\/wp-content\/uploads\/2024\/05\/438221992_365353189881863_7439306347710338376_n-768x1021.jpg 768w, https:\/\/infosports.com.ar\/web\/wp-content\/uploads\/2024\/05\/438221992_365353189881863_7439306347710338376_n-1156x1536.jpg 1156w, https:\/\/infosports.com.ar\/web\/wp-content\/uploads\/2024\/05\/438221992_365353189881863_7439306347710338376_n-696x925.jpg 696w, https:\/\/infosports.com.ar\/web\/wp-content\/uploads\/2024\/05\/438221992_365353189881863_7439306347710338376_n-1068x1419.jpg 1068w, https:\/\/infosports.com.ar\/web\/wp-content\/uploads\/2024\/05\/438221992_365353189881863_7439306347710338376_n-316x420.jpg 316w\" sizes=\"auto, (max-width: 1204px) 100vw, 1204px\" \/><\/a><\/p>\n","protected":false},"excerpt":{"rendered":"<p>Villa General Belgrano-El deportista Catrielense se destac\u00f3 el pasado fin de semana al ser de los mejores en la edici\u00f3n 2024 de la carrera de Trail de monta\u00f1a Valholl, Contte se qued\u00f3 con el mejor tiempo en los 11k. (FM ALAS-infosports.com.ar)<\/p>\n","protected":false},"author":3,"featured_media":6619,"comment_status":"open","ping_status":"open","sticky":false,"template":"","format":"standard","meta":{"_acf_changed":false,"footnotes":""},"categories":[67,66],"tags":[],"class_list":{"0":"post-6618","1":"post","2":"type-post","3":"status-publish","4":"format-standard","5":"has-post-thumbnail","7":"category-destacadas","8":"category-running"},"acf":[],"aioseo_notices":[],"_links":{"self":[{"href":"https:\/\/infosports.com.ar\/web\/wp-json\/wp\/v2\/posts\/6618","targetHints":{"allow":["GET"]}}],"collection":[{"href":"https:\/\/infosports.com.ar\/web\/wp-json\/wp\/v2\/posts"}],"about":[{"href":"https:\/\/infosports.com.ar\/web\/wp-json\/wp\/v2\/types\/post"}],"author":[{"embeddable":true,"href":"https:\/\/infosports.com.ar\/web\/wp-json\/wp\/v2\/users\/3"}],"replies":[{"embeddable":true,"href":"https:\/\/infosports.com.ar\/web\/wp-json\/wp\/v2\/comments?post=6618"}],"version-history":[{"count":1,"href":"https:\/\/infosports.com.ar\/web\/wp-json\/wp\/v2\/posts\/6618\/revisions"}],"predecessor-version":[{"id":6622,"href":"https:\/\/infosports.com.ar\/web\/wp-json\/wp\/v2\/posts\/6618\/revisions\/6622"}],"wp:featuredmedia":[{"embeddable":true,"href":"https:\/\/infosports.com.ar\/web\/wp-json\/wp\/v2\/media\/6619"}],"wp:attachment":[{"href":"https:\/\/infosports.com.ar\/web\/wp-json\/wp\/v2\/media?parent=6618"}],"wp:term":[{"taxonomy":"category","embeddable":true,"href":"https:\/\/infosports.com.ar\/web\/wp-json\/wp\/v2\/categories?post=6618"},{"taxonomy":"post_tag","embeddable":true,"href":"https:\/\/infosports.com.ar\/web\/wp-json\/wp\/v2\/tags?post=6618"}],"curies":[{"name":"wp","href":"https:\/\/api.w.org\/{rel}","templated":true}]}}