{"id":6623,"date":"2024-05-13T10:37:52","date_gmt":"2024-05-13T13:37:52","guid":{"rendered":"https:\/\/infosports.com.ar\/web\/?p=6623"},"modified":"2024-05-13T12:39:02","modified_gmt":"2024-05-13T15:39:02","slug":"sorpresa-en-deportivo-rincon-marcos-gonzalez-dejara-su-cargo","status":"publish","type":"post","link":"https:\/\/infosports.com.ar\/web\/sorpresa-en-deportivo-rincon-marcos-gonzalez-dejara-su-cargo\/","title":{"rendered":"Sorpresa en Deportivo Rinc\u00f3n: Marcos Gonz\u00e1lez dejar\u00e1 su cargo"},"content":{"rendered":"<p>Esta ma\u00f1ana trascendi\u00f3 que\u00a0<strong>Marcos Gonz\u00e1lez no seguir\u00e1 al frente de\u00a0<a href=\"https:\/\/www.rionegro.com.ar\/tag\/deportivo-rincon\/\">Deportivo Rinc\u00f3n<\/a><\/strong>, equipo que milita en el\u00a0<strong>Federal A<\/strong>. En un comunicado oficial, la<strong>\u00a0Comisi\u00f3n Directiva confirm\u00f3 que la decisi\u00f3n\u00a0<\/strong>fue de la dirigencia.<!--more--><\/p>\n<p>Tras la derrota del Le\u00f3n nequino, por<strong>\u00a02 a 0, ante Villa Mitre<\/strong>, el pasado s\u00e1bado por la octava fecha del Federal A, el entrenador\u00a0<strong>confirm\u00f3 a Diario R\u00cdO NEGRO que la Comisi\u00f3n Directiva decidi\u00f3 poner fin a su v\u00ednculo<\/strong>\u00a0con el club.<\/p>\n<div data-adtype=\"inline\" data-google-query-id=\"CJ2Rmrb6ioYDFcNd3QIdS1gP7g\">\n<p>\u00abDeportivo Rinc\u00f3n informa que e<strong>l Sr. Marcos Gonz\u00e1lez ha sido desvinculado de su puesto\u00a0<\/strong>como Director t\u00e9cnico. Expresamos nuestro m\u00e1s<strong>\u00a0sincero agradecimiento a un hombre cuyo incansable trabajo llev\u00f3 al club al plano nacional<\/strong>\u00ab, as\u00ed arranc\u00f3 el comunicado.<\/p>\n<p>Luego\u00a0<strong>expresaron sus \u00abmejores deseos de \u00e9xitos<\/strong>\u00a0en sus futuros proyectos\u00bb y detallaron que\u00a0<strong>Pablo Castro dirigir\u00e1 a Rinc\u00f3n en el encuentro ante Germinal<\/strong>, en condici\u00f3n de local, por la<strong> novena fecha del Federal A<\/strong><\/p>\n<p>Tras la noticia que sacudi\u00f3 al mundo del f\u00fatbol regional,<strong>\u00a0Gonz\u00e1lez permanecer\u00e1 en Rinc\u00f3n de los Sauces para rescindir el contrato.<\/strong><\/p>\n<p>El t\u00e9cnico que consigui\u00f3 el ascenso en el<strong>\u00a0Regional Amateur<\/strong>, dejar\u00e1 su cargo con\u00a0<strong>un saldo de dos victorias, dos empates y cuatro derrotas en\u00a0<\/strong>el campeonato de la tercera categor\u00eda del f\u00fatbol argentino.<\/p>\n<\/div>\n<div class=\"lazyblock-leer-mas-Z24e6cA wp-block-lazyblock-leer-mas\"><\/div>\n","protected":false},"excerpt":{"rendered":"<p>Esta ma\u00f1ana trascendi\u00f3 que\u00a0Marcos Gonz\u00e1lez no seguir\u00e1 al frente de\u00a0Deportivo Rinc\u00f3n, equipo que milita en el\u00a0Federal A. En un comunicado oficial, la\u00a0Comisi\u00f3n Directiva confirm\u00f3 que la decisi\u00f3n\u00a0fue de la dirigencia.<\/p>\n","protected":false},"author":3,"featured_media":6624,"comment_status":"open","ping_status":"open","sticky":false,"template":"","format":"standard","meta":{"_acf_changed":false,"footnotes":""},"categories":[67,64],"tags":[],"class_list":{"0":"post-6623","1":"post","2":"type-post","3":"status-publish","4":"format-standard","5":"has-post-thumbnail","7":"category-destacadas","8":"category-futbol"},"acf":[],"aioseo_notices":[],"_links":{"self":[{"href":"https:\/\/infosports.com.ar\/web\/wp-json\/wp\/v2\/posts\/6623","targetHints":{"allow":["GET"]}}],"collection":[{"href":"https:\/\/infosports.com.ar\/web\/wp-json\/wp\/v2\/posts"}],"about":[{"href":"https:\/\/infosports.com.ar\/web\/wp-json\/wp\/v2\/types\/post"}],"author":[{"embeddable":true,"href":"https:\/\/infosports.com.ar\/web\/wp-json\/wp\/v2\/users\/3"}],"replies":[{"embeddable":true,"href":"https:\/\/infosports.com.ar\/web\/wp-json\/wp\/v2\/comments?post=6623"}],"version-history":[{"count":1,"href":"https:\/\/infosports.com.ar\/web\/wp-json\/wp\/v2\/posts\/6623\/revisions"}],"predecessor-version":[{"id":6626,"href":"https:\/\/infosports.com.ar\/web\/wp-json\/wp\/v2\/posts\/6623\/revisions\/6626"}],"wp:featuredmedia":[{"embeddable":true,"href":"https:\/\/infosports.com.ar\/web\/wp-json\/wp\/v2\/media\/6624"}],"wp:attachment":[{"href":"https:\/\/infosports.com.ar\/web\/wp-json\/wp\/v2\/media?parent=6623"}],"wp:term":[{"taxonomy":"category","embeddable":true,"href":"https:\/\/infosports.com.ar\/web\/wp-json\/wp\/v2\/categories?post=6623"},{"taxonomy":"post_tag","embeddable":true,"href":"https:\/\/infosports.com.ar\/web\/wp-json\/wp\/v2\/tags?post=6623"}],"curies":[{"name":"wp","href":"https:\/\/api.w.org\/{rel}","templated":true}]}}