{"id":7003,"date":"2024-06-26T10:15:39","date_gmt":"2024-06-26T13:15:39","guid":{"rendered":"https:\/\/infosports.com.ar\/web\/?p=7003"},"modified":"2024-06-26T10:15:39","modified_gmt":"2024-06-26T13:15:39","slug":"boxeo-gran-desempeno-de-los-guerreros-de-catriel","status":"publish","type":"post","link":"https:\/\/infosports.com.ar\/web\/boxeo-gran-desempeno-de-los-guerreros-de-catriel\/","title":{"rendered":"Boxeo-Gran desempe\u00f1o de Los Guerreros de Catriel"},"content":{"rendered":"<p>Neuqu\u00e9n-En esta ocasi\u00f3n los representantes del Sindicato de Petroleros de Rio Negro, Neuqu\u00e9n y La Pampa se hicieron presentes en un nuevo evento box\u00edstico en Neuqu\u00e9n capital, esta vez los comandados por Roquer participaron en el Polideportivo Gregorio \u00c1lvarez a trav\u00e9s de Paula Mel\u00edn, Agustina L\u00f3pez Estrada y Luciano \u201cel indio\u201d Espinoza.<!--more--><\/p>\n<p>Palabras del Profe Roquer:<\/p>\n<p>Felicitar a nuestros guerreros y los invito a ver sus peleas en la p\u00e1gina de Instagram Los Guerreros de Catriel que dejen su comentario de las peleas felicitar a los chicos y agradecerte por el espacio de siempre agradecer a los sponsors que siempre nos dan una mano a nuestro secretario general Marcelo Rucci y a la secretaria de deporte del sindicato de petroleros Celeste Urrutia y a la delegaci\u00f3n y el cuerpo delegado de Catriel un abrazo grande Ram\u00f3n Roquer.<\/p>\n","protected":false},"excerpt":{"rendered":"<p>Neuqu\u00e9n-En esta ocasi\u00f3n los representantes del Sindicato de Petroleros de Rio Negro, Neuqu\u00e9n y La Pampa se hicieron presentes en un nuevo evento box\u00edstico en Neuqu\u00e9n capital, esta vez los comandados por Roquer participaron en el Polideportivo Gregorio \u00c1lvarez a trav\u00e9s de Paula Mel\u00edn, Agustina L\u00f3pez Estrada y Luciano \u201cel indio\u201d Espinoza.<\/p>\n","protected":false},"author":3,"featured_media":7004,"comment_status":"open","ping_status":"open","sticky":false,"template":"","format":"standard","meta":{"_acf_changed":false,"footnotes":""},"categories":[67,63],"tags":[],"class_list":{"0":"post-7003","1":"post","2":"type-post","3":"status-publish","4":"format-standard","5":"has-post-thumbnail","7":"category-destacadas","8":"category-regionales"},"acf":[],"aioseo_notices":[],"_links":{"self":[{"href":"https:\/\/infosports.com.ar\/web\/wp-json\/wp\/v2\/posts\/7003","targetHints":{"allow":["GET"]}}],"collection":[{"href":"https:\/\/infosports.com.ar\/web\/wp-json\/wp\/v2\/posts"}],"about":[{"href":"https:\/\/infosports.com.ar\/web\/wp-json\/wp\/v2\/types\/post"}],"author":[{"embeddable":true,"href":"https:\/\/infosports.com.ar\/web\/wp-json\/wp\/v2\/users\/3"}],"replies":[{"embeddable":true,"href":"https:\/\/infosports.com.ar\/web\/wp-json\/wp\/v2\/comments?post=7003"}],"version-history":[{"count":1,"href":"https:\/\/infosports.com.ar\/web\/wp-json\/wp\/v2\/posts\/7003\/revisions"}],"predecessor-version":[{"id":7006,"href":"https:\/\/infosports.com.ar\/web\/wp-json\/wp\/v2\/posts\/7003\/revisions\/7006"}],"wp:featuredmedia":[{"embeddable":true,"href":"https:\/\/infosports.com.ar\/web\/wp-json\/wp\/v2\/media\/7004"}],"wp:attachment":[{"href":"https:\/\/infosports.com.ar\/web\/wp-json\/wp\/v2\/media?parent=7003"}],"wp:term":[{"taxonomy":"category","embeddable":true,"href":"https:\/\/infosports.com.ar\/web\/wp-json\/wp\/v2\/categories?post=7003"},{"taxonomy":"post_tag","embeddable":true,"href":"https:\/\/infosports.com.ar\/web\/wp-json\/wp\/v2\/tags?post=7003"}],"curies":[{"name":"wp","href":"https:\/\/api.w.org\/{rel}","templated":true}]}}