{"id":7015,"date":"2024-06-28T10:15:32","date_gmt":"2024-06-28T13:15:32","guid":{"rendered":"https:\/\/infosports.com.ar\/web\/?p=7015"},"modified":"2024-07-01T14:56:17","modified_gmt":"2024-07-01T17:56:17","slug":"el-torneo-ciudad-de-catriel-corono-a-los-campeones-32-y-40","status":"publish","type":"post","link":"https:\/\/infosports.com.ar\/web\/el-torneo-ciudad-de-catriel-corono-a-los-campeones-32-y-40\/","title":{"rendered":"El Torneo Ciudad de Catriel coron\u00f3 a los campeones +32 y +40"},"content":{"rendered":"<p>Catriel-El predio de La Chacra volvi\u00f3 a vestirse de puro futbol, esta vez con varios partidos, donde la jornada pude ver vestirse de campeones a Medanito (+32) y a Patagonia (+40). (infosports.com.ar \/ FM Alas)<!--more--><\/p>\n<p><a href=\"https:\/\/infosports.com.ar\/web\/wp-content\/uploads\/2024\/06\/441486910_395421513541697_6116651099096975610_n.jpg\"><img loading=\"lazy\" decoding=\"async\" class=\"alignnone wp-image-7017 size-large\" src=\"https:\/\/infosports.com.ar\/web\/wp-content\/uploads\/2024\/06\/441486910_395421513541697_6116651099096975610_n-1024x614.jpg\" alt=\"\" width=\"696\" height=\"417\" srcset=\"https:\/\/infosports.com.ar\/web\/wp-content\/uploads\/2024\/06\/441486910_395421513541697_6116651099096975610_n-1024x614.jpg 1024w, https:\/\/infosports.com.ar\/web\/wp-content\/uploads\/2024\/06\/441486910_395421513541697_6116651099096975610_n-300x180.jpg 300w, https:\/\/infosports.com.ar\/web\/wp-content\/uploads\/2024\/06\/441486910_395421513541697_6116651099096975610_n-768x461.jpg 768w, https:\/\/infosports.com.ar\/web\/wp-content\/uploads\/2024\/06\/441486910_395421513541697_6116651099096975610_n-696x418.jpg 696w, https:\/\/infosports.com.ar\/web\/wp-content\/uploads\/2024\/06\/441486910_395421513541697_6116651099096975610_n-1068x641.jpg 1068w, https:\/\/infosports.com.ar\/web\/wp-content\/uploads\/2024\/06\/441486910_395421513541697_6116651099096975610_n-700x420.jpg 700w, https:\/\/infosports.com.ar\/web\/wp-content\/uploads\/2024\/06\/441486910_395421513541697_6116651099096975610_n.jpg 1080w\" sizes=\"auto, (max-width: 696px) 100vw, 696px\" \/><\/a><\/p>\n<p>El pesado fin de semana fue el elegido por la organizaci\u00f3n del torneo, a trav\u00e9s de Poliana Chavez y Victor Sanhueza para poder darle forma al cierre del torneo. Previamente semanas atr\u00e1s lleg\u00f3 la coronaci\u00f3n en la +50 del Multi-campe\u00f3n Club Punto Unido, mientras que en esta ocasi\u00f3n el titulo mas reciente en la divisional +32 qued\u00f3 en manos de Medanito, seguido en el podio por Topo FC, en tanto en la +40 la coronaci\u00f3n absoluta fue para Patagonia, seguido en la tabla por El Amanecer<\/p>\n","protected":false},"excerpt":{"rendered":"<p>Catriel-El predio de La Chacra volvi\u00f3 a vestirse de puro futbol, esta vez con varios partidos, donde la jornada pude ver vestirse de campeones a Medanito (+32) y a Patagonia (+40). (infosports.com.ar \/ FM Alas)<\/p>\n","protected":false},"author":3,"featured_media":7016,"comment_status":"open","ping_status":"open","sticky":false,"template":"","format":"standard","meta":{"_acf_changed":false,"footnotes":""},"categories":[67,64,62],"tags":[69,72,73],"class_list":{"0":"post-7015","1":"post","2":"type-post","3":"status-publish","4":"format-standard","5":"has-post-thumbnail","7":"category-destacadas","8":"category-futbol","9":"category-locales","10":"tag-futbol","11":"tag-medanito","12":"tag-patagonia"},"acf":[],"aioseo_notices":[],"_links":{"self":[{"href":"https:\/\/infosports.com.ar\/web\/wp-json\/wp\/v2\/posts\/7015","targetHints":{"allow":["GET"]}}],"collection":[{"href":"https:\/\/infosports.com.ar\/web\/wp-json\/wp\/v2\/posts"}],"about":[{"href":"https:\/\/infosports.com.ar\/web\/wp-json\/wp\/v2\/types\/post"}],"author":[{"embeddable":true,"href":"https:\/\/infosports.com.ar\/web\/wp-json\/wp\/v2\/users\/3"}],"replies":[{"embeddable":true,"href":"https:\/\/infosports.com.ar\/web\/wp-json\/wp\/v2\/comments?post=7015"}],"version-history":[{"count":1,"href":"https:\/\/infosports.com.ar\/web\/wp-json\/wp\/v2\/posts\/7015\/revisions"}],"predecessor-version":[{"id":7019,"href":"https:\/\/infosports.com.ar\/web\/wp-json\/wp\/v2\/posts\/7015\/revisions\/7019"}],"wp:featuredmedia":[{"embeddable":true,"href":"https:\/\/infosports.com.ar\/web\/wp-json\/wp\/v2\/media\/7016"}],"wp:attachment":[{"href":"https:\/\/infosports.com.ar\/web\/wp-json\/wp\/v2\/media?parent=7015"}],"wp:term":[{"taxonomy":"category","embeddable":true,"href":"https:\/\/infosports.com.ar\/web\/wp-json\/wp\/v2\/categories?post=7015"},{"taxonomy":"post_tag","embeddable":true,"href":"https:\/\/infosports.com.ar\/web\/wp-json\/wp\/v2\/tags?post=7015"}],"curies":[{"name":"wp","href":"https:\/\/api.w.org\/{rel}","templated":true}]}}