{"id":7020,"date":"2024-07-01T09:50:21","date_gmt":"2024-07-01T12:50:21","guid":{"rendered":"https:\/\/infosports.com.ar\/web\/?p=7020"},"modified":"2024-07-01T09:58:15","modified_gmt":"2024-07-01T12:58:15","slug":"7020-2","status":"publish","type":"post","link":"https:\/\/infosports.com.ar\/web\/7020-2\/","title":{"rendered":"Destacada actuaci\u00f3n de la Escuela Brazilian Jiujitsu"},"content":{"rendered":"<p>Brazilian Jiujitsu volvi\u00f3 a destacarse en un nuevo torneo de la especialidad. En esta ocasi\u00f3n los conducidos por el Profesor; Sebasti\u00e1n Ferreira participaron en Centenario. (infosports.com.ar \/ FM Alas<!--more--><\/p>\n<p>La Escuela Brazilian Jiujitsu Gracie Barra particip\u00f3 el fin de semana, los d\u00edas 22\/23 en el Torneo Open Centenario de la Confederaci\u00f3n Argentina de Jiujitsu.<\/p>\n<p>Por el lado de Catriel participaron 14 deportistas, 6 de los cuales debutaron en un torneo oficial, logrando excelentes resultados en distintas categor\u00edas.<\/p>\n<p><em><strong>Representantes de Catriel:<\/strong><\/em><\/p>\n<p>Florencia Morales<\/p>\n<p>Celina Polak<\/p>\n<p>Benjam\u00edn Miralles<\/p>\n<p>Juan Messori<\/p>\n<p>Bautista Rodr\u00edguez<\/p>\n<p>Mateo Guti\u00e9rrez<\/p>\n<p>Franco Grace<\/p>\n<p>Guillermo Ayelef<\/p>\n<p>Juan Ponce<\/p>\n<p>Carlos P\u00e9rez<\/p>\n<p>Leandro Molina<\/p>\n<p>Franco Fern\u00e1ndez<\/p>\n<p>Leandro Fraga<\/p>\n<p>Sebasti\u00e1n Ferreyra<\/p>\n<p>&nbsp;<\/p>\n<p><em><strong>Logrando:<\/strong><\/em><\/p>\n<p>3 primeros puestos&#x1f947;<\/p>\n<p>2 segundos puestos &#x1f948;<\/p>\n<p>2 terceros puestos&#x1f949;<\/p>\n<p><a href=\"https:\/\/infosports.com.ar\/web\/wp-content\/uploads\/2024\/07\/3c6e4518-7d44-4f15-8431-7eda60be6887-1.jpg\"><img loading=\"lazy\" decoding=\"async\" class=\"alignnone wp-image-7022 size-large\" src=\"https:\/\/infosports.com.ar\/web\/wp-content\/uploads\/2024\/07\/3c6e4518-7d44-4f15-8431-7eda60be6887-1-766x1024.jpg\" alt=\"\" width=\"696\" height=\"930\" srcset=\"https:\/\/infosports.com.ar\/web\/wp-content\/uploads\/2024\/07\/3c6e4518-7d44-4f15-8431-7eda60be6887-1-766x1024.jpg 766w, https:\/\/infosports.com.ar\/web\/wp-content\/uploads\/2024\/07\/3c6e4518-7d44-4f15-8431-7eda60be6887-1-224x300.jpg 224w, https:\/\/infosports.com.ar\/web\/wp-content\/uploads\/2024\/07\/3c6e4518-7d44-4f15-8431-7eda60be6887-1-768x1027.jpg 768w, https:\/\/infosports.com.ar\/web\/wp-content\/uploads\/2024\/07\/3c6e4518-7d44-4f15-8431-7eda60be6887-1-1149x1536.jpg 1149w, https:\/\/infosports.com.ar\/web\/wp-content\/uploads\/2024\/07\/3c6e4518-7d44-4f15-8431-7eda60be6887-1-696x930.jpg 696w, https:\/\/infosports.com.ar\/web\/wp-content\/uploads\/2024\/07\/3c6e4518-7d44-4f15-8431-7eda60be6887-1-1068x1428.jpg 1068w, https:\/\/infosports.com.ar\/web\/wp-content\/uploads\/2024\/07\/3c6e4518-7d44-4f15-8431-7eda60be6887-1-314x420.jpg 314w, https:\/\/infosports.com.ar\/web\/wp-content\/uploads\/2024\/07\/3c6e4518-7d44-4f15-8431-7eda60be6887-1.jpg 1197w\" sizes=\"auto, (max-width: 696px) 100vw, 696px\" \/><\/a><\/p>\n<p><a href=\"https:\/\/infosports.com.ar\/web\/wp-content\/uploads\/2024\/07\/a79d2063-ebf4-4462-a6cc-84f7db434ea9.jpg\"><img loading=\"lazy\" decoding=\"async\" class=\"alignnone wp-image-7023 size-large\" src=\"https:\/\/infosports.com.ar\/web\/wp-content\/uploads\/2024\/07\/a79d2063-ebf4-4462-a6cc-84f7db434ea9-758x1024.jpg\" alt=\"\" width=\"696\" height=\"940\" srcset=\"https:\/\/infosports.com.ar\/web\/wp-content\/uploads\/2024\/07\/a79d2063-ebf4-4462-a6cc-84f7db434ea9-758x1024.jpg 758w, https:\/\/infosports.com.ar\/web\/wp-content\/uploads\/2024\/07\/a79d2063-ebf4-4462-a6cc-84f7db434ea9-222x300.jpg 222w, https:\/\/infosports.com.ar\/web\/wp-content\/uploads\/2024\/07\/a79d2063-ebf4-4462-a6cc-84f7db434ea9-768x1038.jpg 768w, https:\/\/infosports.com.ar\/web\/wp-content\/uploads\/2024\/07\/a79d2063-ebf4-4462-a6cc-84f7db434ea9-696x941.jpg 696w, https:\/\/infosports.com.ar\/web\/wp-content\/uploads\/2024\/07\/a79d2063-ebf4-4462-a6cc-84f7db434ea9-311x420.jpg 311w, https:\/\/infosports.com.ar\/web\/wp-content\/uploads\/2024\/07\/a79d2063-ebf4-4462-a6cc-84f7db434ea9.jpg 947w\" sizes=\"auto, (max-width: 696px) 100vw, 696px\" \/><\/a><\/p>\n<p>&nbsp;<\/p>\n","protected":false},"excerpt":{"rendered":"<p>Brazilian Jiujitsu volvi\u00f3 a destacarse en un nuevo torneo de la especialidad. En esta ocasi\u00f3n los conducidos por el Profesor; Sebasti\u00e1n Ferreira participaron en Centenario. (infosports.com.ar \/ FM Alas<\/p>\n","protected":false},"author":3,"featured_media":7021,"comment_status":"open","ping_status":"open","sticky":false,"template":"","format":"standard","meta":{"_acf_changed":false,"footnotes":""},"categories":[67,65,63],"tags":[],"class_list":{"0":"post-7020","1":"post","2":"type-post","3":"status-publish","4":"format-standard","5":"has-post-thumbnail","7":"category-destacadas","8":"category-multidisciplinas","9":"category-regionales"},"acf":[],"aioseo_notices":[],"_links":{"self":[{"href":"https:\/\/infosports.com.ar\/web\/wp-json\/wp\/v2\/posts\/7020","targetHints":{"allow":["GET"]}}],"collection":[{"href":"https:\/\/infosports.com.ar\/web\/wp-json\/wp\/v2\/posts"}],"about":[{"href":"https:\/\/infosports.com.ar\/web\/wp-json\/wp\/v2\/types\/post"}],"author":[{"embeddable":true,"href":"https:\/\/infosports.com.ar\/web\/wp-json\/wp\/v2\/users\/3"}],"replies":[{"embeddable":true,"href":"https:\/\/infosports.com.ar\/web\/wp-json\/wp\/v2\/comments?post=7020"}],"version-history":[{"count":3,"href":"https:\/\/infosports.com.ar\/web\/wp-json\/wp\/v2\/posts\/7020\/revisions"}],"predecessor-version":[{"id":7027,"href":"https:\/\/infosports.com.ar\/web\/wp-json\/wp\/v2\/posts\/7020\/revisions\/7027"}],"wp:featuredmedia":[{"embeddable":true,"href":"https:\/\/infosports.com.ar\/web\/wp-json\/wp\/v2\/media\/7021"}],"wp:attachment":[{"href":"https:\/\/infosports.com.ar\/web\/wp-json\/wp\/v2\/media?parent=7020"}],"wp:term":[{"taxonomy":"category","embeddable":true,"href":"https:\/\/infosports.com.ar\/web\/wp-json\/wp\/v2\/categories?post=7020"},{"taxonomy":"post_tag","embeddable":true,"href":"https:\/\/infosports.com.ar\/web\/wp-json\/wp\/v2\/tags?post=7020"}],"curies":[{"name":"wp","href":"https:\/\/api.w.org\/{rel}","templated":true}]}}