{"id":7069,"date":"2024-07-03T11:14:51","date_gmt":"2024-07-03T14:14:51","guid":{"rendered":"https:\/\/infosports.com.ar\/web\/?p=7069"},"modified":"2024-07-04T14:13:51","modified_gmt":"2024-07-04T17:13:51","slug":"corintios-y-club-independiente-destacados-en-allen","status":"publish","type":"post","link":"https:\/\/infosports.com.ar\/web\/corintios-y-club-independiente-destacados-en-allen\/","title":{"rendered":"Corintios y Club Independiente destacados en Allen"},"content":{"rendered":"<p>Allen-Los peque\u00f1os representantes del Club \u00a0Social y Deportivo Independiente y del Club Corintios de destacaron en el Torneo de Allen denominado \u201cSupercampeones\u201d, organizado por el reconocido club Uni\u00f3n Alem Progresista. (infosports.com.ar \/ FM Alas)<!--more--><\/p>\n<p>Por el lado de los clubes catrielenses participaron con las categor\u00edas 2014\/2016 club independiente, en tanto por el lado de Corintios lo hicieron con la divisional 2016.<\/p>\n<p>En lo que refiere al conjunto con sede en barrio Santa Cruz (Independiente), lograron hacerse con un meritorio 4\u00b0 puesto en la categor\u00eda 2016 y 3\u00b0 puesto en la 2014.<\/p>\n<p>Por su parte Corintios culmin\u00f3 su estad\u00eda con el titulo de subcampe\u00f3n al obtener el 2\u00b0 lugar del podio.<\/p>\n<p><a href=\"https:\/\/infosports.com.ar\/web\/wp-content\/uploads\/2024\/07\/indep.jpg\"><img loading=\"lazy\" decoding=\"async\" class=\"alignnone wp-image-7071 size-large\" src=\"https:\/\/infosports.com.ar\/web\/wp-content\/uploads\/2024\/07\/indep-1024x683.jpg\" alt=\"\" width=\"696\" height=\"464\" srcset=\"https:\/\/infosports.com.ar\/web\/wp-content\/uploads\/2024\/07\/indep-1024x683.jpg 1024w, https:\/\/infosports.com.ar\/web\/wp-content\/uploads\/2024\/07\/indep-300x200.jpg 300w, https:\/\/infosports.com.ar\/web\/wp-content\/uploads\/2024\/07\/indep-768x512.jpg 768w, https:\/\/infosports.com.ar\/web\/wp-content\/uploads\/2024\/07\/indep-629x420.jpg 629w, https:\/\/infosports.com.ar\/web\/wp-content\/uploads\/2024\/07\/indep-696x464.jpg 696w, https:\/\/infosports.com.ar\/web\/wp-content\/uploads\/2024\/07\/indep-1068x713.jpg 1068w, https:\/\/infosports.com.ar\/web\/wp-content\/uploads\/2024\/07\/indep.jpg 1079w\" sizes=\"auto, (max-width: 696px) 100vw, 696px\" \/><\/a><\/p>\n<p>&nbsp;<\/p>\n<p>&nbsp;<\/p>\n","protected":false},"excerpt":{"rendered":"<p>Allen-Los peque\u00f1os representantes del Club \u00a0Social y Deportivo Independiente y del Club Corintios de destacaron en el Torneo de Allen denominado \u201cSupercampeones\u201d, organizado por el reconocido club Uni\u00f3n Alem Progresista. (infosports.com.ar \/ FM Alas)<\/p>\n","protected":false},"author":3,"featured_media":7070,"comment_status":"open","ping_status":"open","sticky":false,"template":"","format":"standard","meta":{"_acf_changed":false,"footnotes":""},"categories":[67,64,63],"tags":[],"class_list":{"0":"post-7069","1":"post","2":"type-post","3":"status-publish","4":"format-standard","5":"has-post-thumbnail","7":"category-destacadas","8":"category-futbol","9":"category-regionales"},"acf":[],"aioseo_notices":[],"_links":{"self":[{"href":"https:\/\/infosports.com.ar\/web\/wp-json\/wp\/v2\/posts\/7069","targetHints":{"allow":["GET"]}}],"collection":[{"href":"https:\/\/infosports.com.ar\/web\/wp-json\/wp\/v2\/posts"}],"about":[{"href":"https:\/\/infosports.com.ar\/web\/wp-json\/wp\/v2\/types\/post"}],"author":[{"embeddable":true,"href":"https:\/\/infosports.com.ar\/web\/wp-json\/wp\/v2\/users\/3"}],"replies":[{"embeddable":true,"href":"https:\/\/infosports.com.ar\/web\/wp-json\/wp\/v2\/comments?post=7069"}],"version-history":[{"count":1,"href":"https:\/\/infosports.com.ar\/web\/wp-json\/wp\/v2\/posts\/7069\/revisions"}],"predecessor-version":[{"id":7073,"href":"https:\/\/infosports.com.ar\/web\/wp-json\/wp\/v2\/posts\/7069\/revisions\/7073"}],"wp:featuredmedia":[{"embeddable":true,"href":"https:\/\/infosports.com.ar\/web\/wp-json\/wp\/v2\/media\/7070"}],"wp:attachment":[{"href":"https:\/\/infosports.com.ar\/web\/wp-json\/wp\/v2\/media?parent=7069"}],"wp:term":[{"taxonomy":"category","embeddable":true,"href":"https:\/\/infosports.com.ar\/web\/wp-json\/wp\/v2\/categories?post=7069"},{"taxonomy":"post_tag","embeddable":true,"href":"https:\/\/infosports.com.ar\/web\/wp-json\/wp\/v2\/tags?post=7069"}],"curies":[{"name":"wp","href":"https:\/\/api.w.org\/{rel}","templated":true}]}}