{"id":7074,"date":"2024-07-04T12:29:05","date_gmt":"2024-07-04T15:29:05","guid":{"rendered":"https:\/\/infosports.com.ar\/web\/?p=7074"},"modified":"2024-07-04T13:19:44","modified_gmt":"2024-07-04T16:19:44","slug":"boxeo-las-guerreras-de-catriel-rumbo-al-nacional","status":"publish","type":"post","link":"https:\/\/infosports.com.ar\/web\/boxeo-las-guerreras-de-catriel-rumbo-al-nacional\/","title":{"rendered":"Boxeo-Las Guerreras de Catriel rumbo al Nacional"},"content":{"rendered":"<p>Los Guerreros de la Escuela de Boxeo de Catriel contin\u00faan destac\u00e1ndose en el orden regional, pero esta vez las m\u00e1ximas preseas arribaron por muy buenas actuaciones a nivel provincial. (infosports.com.ar \/\u00a0 FM Alas)<!--more--><span id=\"more-189327\"><\/span><\/p>\n<p>Seg\u00fan las palabras del Profesor Roquer en esta ocasi\u00f3n se trata de la rama femenina de Team Catrielense, donde se consagraron campeonas provinciales de boxeo clasificando a un nuevo certamen.<\/p>\n<p>Se trata de Paula Mel\u00edn y Anabel Mart\u00ednez, quienes logran as\u00ed clasificar al Nacional de la especialidad.<\/p>\n<p>Rocio Marti participar\u00e1 del campeonato clasificatorio antes del torneo Nacional enfrentando por eliminaci\u00f3n la Neuquina Barbara Rodr\u00edguez.<\/p>\n<p>En tanto, el campeonato nacional se disputar\u00e1 en San Luis, en el mes de septiembre, representando a Catriel en 60kg Paula Mel\u00edn y en 48kg Rocio Marti, mientras que Anabel Mart\u00ednez lo har\u00e1 en 81kg<\/p>\n<div class=\"stream-item stream-item-below-post-content\"><\/div>\n<div class=\"post-bottom-meta post-bottom-edit\">\n<div class=\"post-bottom-meta-title\"><\/div>\n<\/div>\n","protected":false},"excerpt":{"rendered":"<p>Los Guerreros de la Escuela de Boxeo de Catriel contin\u00faan destac\u00e1ndose en el orden regional, pero esta vez las m\u00e1ximas preseas arribaron por muy buenas actuaciones a nivel provincial. (infosports.com.ar \/\u00a0 FM Alas)<\/p>\n","protected":false},"author":3,"featured_media":7075,"comment_status":"open","ping_status":"open","sticky":false,"template":"","format":"standard","meta":{"_acf_changed":false,"footnotes":""},"categories":[67,65,63],"tags":[],"class_list":{"0":"post-7074","1":"post","2":"type-post","3":"status-publish","4":"format-standard","5":"has-post-thumbnail","7":"category-destacadas","8":"category-multidisciplinas","9":"category-regionales"},"acf":[],"aioseo_notices":[],"_links":{"self":[{"href":"https:\/\/infosports.com.ar\/web\/wp-json\/wp\/v2\/posts\/7074","targetHints":{"allow":["GET"]}}],"collection":[{"href":"https:\/\/infosports.com.ar\/web\/wp-json\/wp\/v2\/posts"}],"about":[{"href":"https:\/\/infosports.com.ar\/web\/wp-json\/wp\/v2\/types\/post"}],"author":[{"embeddable":true,"href":"https:\/\/infosports.com.ar\/web\/wp-json\/wp\/v2\/users\/3"}],"replies":[{"embeddable":true,"href":"https:\/\/infosports.com.ar\/web\/wp-json\/wp\/v2\/comments?post=7074"}],"version-history":[{"count":1,"href":"https:\/\/infosports.com.ar\/web\/wp-json\/wp\/v2\/posts\/7074\/revisions"}],"predecessor-version":[{"id":7077,"href":"https:\/\/infosports.com.ar\/web\/wp-json\/wp\/v2\/posts\/7074\/revisions\/7077"}],"wp:featuredmedia":[{"embeddable":true,"href":"https:\/\/infosports.com.ar\/web\/wp-json\/wp\/v2\/media\/7075"}],"wp:attachment":[{"href":"https:\/\/infosports.com.ar\/web\/wp-json\/wp\/v2\/media?parent=7074"}],"wp:term":[{"taxonomy":"category","embeddable":true,"href":"https:\/\/infosports.com.ar\/web\/wp-json\/wp\/v2\/categories?post=7074"},{"taxonomy":"post_tag","embeddable":true,"href":"https:\/\/infosports.com.ar\/web\/wp-json\/wp\/v2\/tags?post=7074"}],"curies":[{"name":"wp","href":"https:\/\/api.w.org\/{rel}","templated":true}]}}