{"id":7086,"date":"2024-07-05T09:52:15","date_gmt":"2024-07-05T12:52:15","guid":{"rendered":"https:\/\/infosports.com.ar\/web\/?p=7086"},"modified":"2024-07-05T09:52:15","modified_gmt":"2024-07-05T12:52:15","slug":"25-de-mayo-vacaciones-con-torneos-deportivos-en-el-polideportivo","status":"publish","type":"post","link":"https:\/\/infosports.com.ar\/web\/25-de-mayo-vacaciones-con-torneos-deportivos-en-el-polideportivo\/","title":{"rendered":"25 de Mayo- Vacaciones con torneos deportivos en el Polideportivo"},"content":{"rendered":"<div class=\"xdj266r x11i5rnm xat24cr x1mh8g0r x1vvkbs x126k92a\">\n<div dir=\"auto\">Este invierno, el Polideportivo Municipal ser\u00e1 sede de emocionantes competencias deportivas para toda la comunidad.<\/div>\n<\/div>\n<p><!--more--><\/p>\n<div dir=\"auto\">El mi\u00e9rcoles 10 de julio, no te pierdas el Torneo de B\u00e1squet 5 vs 5, abierto a hombres y mujeres de 15 a\u00f1os en adelante. Las inscripciones estar\u00e1n disponibles hasta el lunes 8 de julio.<\/div>\n<div dir=\"auto\"><a href=\"https:\/\/infosports.com.ar\/web\/wp-content\/uploads\/2024\/07\/449317085_867443852090650_9157368150548591771_n.jpg\"><img loading=\"lazy\" decoding=\"async\" class=\"alignnone size-medium wp-image-7088\" src=\"https:\/\/infosports.com.ar\/web\/wp-content\/uploads\/2024\/07\/449317085_867443852090650_9157368150548591771_n-240x300.jpg\" alt=\"\" width=\"240\" height=\"300\" srcset=\"https:\/\/infosports.com.ar\/web\/wp-content\/uploads\/2024\/07\/449317085_867443852090650_9157368150548591771_n-240x300.jpg 240w, https:\/\/infosports.com.ar\/web\/wp-content\/uploads\/2024\/07\/449317085_867443852090650_9157368150548591771_n-819x1024.jpg 819w, https:\/\/infosports.com.ar\/web\/wp-content\/uploads\/2024\/07\/449317085_867443852090650_9157368150548591771_n-768x960.jpg 768w, https:\/\/infosports.com.ar\/web\/wp-content\/uploads\/2024\/07\/449317085_867443852090650_9157368150548591771_n-1229x1536.jpg 1229w, https:\/\/infosports.com.ar\/web\/wp-content\/uploads\/2024\/07\/449317085_867443852090650_9157368150548591771_n-336x420.jpg 336w, https:\/\/infosports.com.ar\/web\/wp-content\/uploads\/2024\/07\/449317085_867443852090650_9157368150548591771_n-696x870.jpg 696w, https:\/\/infosports.com.ar\/web\/wp-content\/uploads\/2024\/07\/449317085_867443852090650_9157368150548591771_n-1068x1335.jpg 1068w, https:\/\/infosports.com.ar\/web\/wp-content\/uploads\/2024\/07\/449317085_867443852090650_9157368150548591771_n.jpg 1440w\" sizes=\"auto, (max-width: 240px) 100vw, 240px\" \/><\/a><\/div>\n<div class=\"x11i5rnm xat24cr x1mh8g0r x1vvkbs xtlvy1s x126k92a\">\n<div dir=\"auto\"><span class=\"html-span xexx8yu x4uap5 x18d9i69 xkhd6sd x1hl2dhg x16tdsg8 x1vvkbs x3nfvp2 x1j61x8r x1fcty0u xdj266r xat24cr xgzva0m xhhsvwb xxymvpz xlup9mm x1kky2od\">\u00a0<\/span><\/div>\n<\/div>\n<div class=\"x11i5rnm xat24cr x1mh8g0r x1vvkbs xtlvy1s x126k92a\">\n<div dir=\"auto\">Adem\u00e1s, del 15 al 19 tendr\u00e1 lugar el Torneo de F\u00fatbol Sala, con categor\u00eda masculina y femenina para mayores de 17 a\u00f1os. Las inscripciones cierran el jueves 11 de julio. Podes obtener las planillas en la Agencia Juvenil ubicada en General Pico 187 o contact\u00e1ndonos al 2995565100.<\/div>\n<\/div>\n","protected":false},"excerpt":{"rendered":"<p>Este invierno, el Polideportivo Municipal ser\u00e1 sede de emocionantes competencias deportivas para toda la comunidad.<\/p>\n","protected":false},"author":3,"featured_media":7087,"comment_status":"open","ping_status":"open","sticky":false,"template":"","format":"standard","meta":{"_acf_changed":false,"footnotes":""},"categories":[67,62],"tags":[],"class_list":{"0":"post-7086","1":"post","2":"type-post","3":"status-publish","4":"format-standard","5":"has-post-thumbnail","7":"category-destacadas","8":"category-locales"},"acf":[],"aioseo_notices":[],"_links":{"self":[{"href":"https:\/\/infosports.com.ar\/web\/wp-json\/wp\/v2\/posts\/7086","targetHints":{"allow":["GET"]}}],"collection":[{"href":"https:\/\/infosports.com.ar\/web\/wp-json\/wp\/v2\/posts"}],"about":[{"href":"https:\/\/infosports.com.ar\/web\/wp-json\/wp\/v2\/types\/post"}],"author":[{"embeddable":true,"href":"https:\/\/infosports.com.ar\/web\/wp-json\/wp\/v2\/users\/3"}],"replies":[{"embeddable":true,"href":"https:\/\/infosports.com.ar\/web\/wp-json\/wp\/v2\/comments?post=7086"}],"version-history":[{"count":1,"href":"https:\/\/infosports.com.ar\/web\/wp-json\/wp\/v2\/posts\/7086\/revisions"}],"predecessor-version":[{"id":7090,"href":"https:\/\/infosports.com.ar\/web\/wp-json\/wp\/v2\/posts\/7086\/revisions\/7090"}],"wp:featuredmedia":[{"embeddable":true,"href":"https:\/\/infosports.com.ar\/web\/wp-json\/wp\/v2\/media\/7087"}],"wp:attachment":[{"href":"https:\/\/infosports.com.ar\/web\/wp-json\/wp\/v2\/media?parent=7086"}],"wp:term":[{"taxonomy":"category","embeddable":true,"href":"https:\/\/infosports.com.ar\/web\/wp-json\/wp\/v2\/categories?post=7086"},{"taxonomy":"post_tag","embeddable":true,"href":"https:\/\/infosports.com.ar\/web\/wp-json\/wp\/v2\/tags?post=7086"}],"curies":[{"name":"wp","href":"https:\/\/api.w.org\/{rel}","templated":true}]}}