{"id":7091,"date":"2024-07-05T10:37:26","date_gmt":"2024-07-05T13:37:26","guid":{"rendered":"https:\/\/infosports.com.ar\/web\/?p=7091"},"modified":"2024-07-05T10:37:26","modified_gmt":"2024-07-05T13:37:26","slug":"tenis-de-mesa-julian-vairoletto-subcampeon-en-santa-rosa","status":"publish","type":"post","link":"https:\/\/infosports.com.ar\/web\/tenis-de-mesa-julian-vairoletto-subcampeon-en-santa-rosa\/","title":{"rendered":"Tenis de Mesa-Juli\u00e1n Vairoletto subcampe\u00f3n en Santa Rosa"},"content":{"rendered":"<p>El joven Juli\u00e1n &#8211; Lescano Vairoletto, surgido de la Escuela Municipal de Tenis de Mesa de 25 de Mayo, participo de la 3ra Fecha del Circuito Provincial, en 3ra categor\u00eda, torneo que se llev\u00f3 a cabo el 29 de junio de corrientes a\u00f1o, en el gimnasio de la Asociaci\u00f3n de Tenis de Mesa de La Pampa, ubicada en la Calle Tulipanes 65 de la Ciudad de Santa Rosa.<!--more--><\/p>\n<p>Juli\u00e1n particip\u00f3 en 3ra Categor\u00eda donde logr\u00f3 la MEDALLA DE BRONCE<\/p>\n<p>Resumen de sus encuentros:<\/p>\n<p>&#8211; Paso 2do en su zona<\/p>\n<p>Cay\u00f3 1 a 2 frente a Felipe Damaso con parciales<br \/>\n(11 &#8211; 8), (9 &#8211; 11) y (10 &#8211; 12)<\/p>\n<p>Triunfo 2 a 0 frente a H\u00e9ctor Olguin con parciales (11 &#8211; 0) y (11 &#8211; 2)<\/p>\n<p>&#8211; 8vos de Final triunfo 3 a 0 ante Rub\u00e9n Borzi con parciales (11 &#8211; 5), (11 &#8211; 6) y (11 &#8211; 4)<\/p>\n<p>&#8211; 4tos de Final triunfo 3 a 0 ante Rom\u00e1n Descalzi con parciales (11 &#8211; 8), (11 &#8211; 7) y (11 &#8211; 9)<\/p>\n<p>&#8211; Semi Final triunfo 3 a 1 a Gustavo Loyola con parciales (11 &#8211; 7), (8 &#8211; 11), (11 &#8211; 9) y (11 &#8211; 8)<\/p>\n<p>Ya en la FINAL cay\u00f3 0 a 3 frente al Campe\u00f3n Mateo Bautista de Santa Rosa con parciales (6 &#8211; 11), (8 &#8211; 11) y (11- 13)<\/p>\n<p>El podio de la Tercera categor\u00eda lo integraron:<\/p>\n<p>1- CAMPEON Y MEDALLA DE ORO, MATEO BAUTISTA (SANTA ROSA)<\/p>\n<p>2- SUB CAMPEON Y MEDALLA DE PLATA: JULIAN LESCANO VAIROLETTO (25 DE MAYO)<\/p>\n<p>3- SEMI FINALISTA Y MEDALLA DE BRONCE: HUGO PAEZ (SANTA ROSA)<\/p>\n<p>El Coach de la Escuela Municipal de 25 de Mayo La Pampa, profesor Cristian Pereyra, destac\u00f3 que Juli\u00e1n tiene muy buena base deportiva como lo he declarado en muchas oportunidades y a todo esto hay que sumarle que es aguerrido en su juego.<\/p>\n","protected":false},"excerpt":{"rendered":"<p>El joven Juli\u00e1n &#8211; Lescano Vairoletto, surgido de la Escuela Municipal de Tenis de Mesa de 25 de Mayo, participo de la 3ra Fecha del Circuito Provincial, en 3ra categor\u00eda, torneo que se llev\u00f3 a cabo el 29 de junio de corrientes a\u00f1o, en el gimnasio de la Asociaci\u00f3n de Tenis de Mesa de La [&hellip;]<\/p>\n","protected":false},"author":3,"featured_media":7092,"comment_status":"open","ping_status":"open","sticky":false,"template":"","format":"standard","meta":{"_acf_changed":false,"footnotes":""},"categories":[67,65],"tags":[],"class_list":{"0":"post-7091","1":"post","2":"type-post","3":"status-publish","4":"format-standard","5":"has-post-thumbnail","7":"category-destacadas","8":"category-multidisciplinas"},"acf":[],"aioseo_notices":[],"_links":{"self":[{"href":"https:\/\/infosports.com.ar\/web\/wp-json\/wp\/v2\/posts\/7091","targetHints":{"allow":["GET"]}}],"collection":[{"href":"https:\/\/infosports.com.ar\/web\/wp-json\/wp\/v2\/posts"}],"about":[{"href":"https:\/\/infosports.com.ar\/web\/wp-json\/wp\/v2\/types\/post"}],"author":[{"embeddable":true,"href":"https:\/\/infosports.com.ar\/web\/wp-json\/wp\/v2\/users\/3"}],"replies":[{"embeddable":true,"href":"https:\/\/infosports.com.ar\/web\/wp-json\/wp\/v2\/comments?post=7091"}],"version-history":[{"count":1,"href":"https:\/\/infosports.com.ar\/web\/wp-json\/wp\/v2\/posts\/7091\/revisions"}],"predecessor-version":[{"id":7094,"href":"https:\/\/infosports.com.ar\/web\/wp-json\/wp\/v2\/posts\/7091\/revisions\/7094"}],"wp:featuredmedia":[{"embeddable":true,"href":"https:\/\/infosports.com.ar\/web\/wp-json\/wp\/v2\/media\/7092"}],"wp:attachment":[{"href":"https:\/\/infosports.com.ar\/web\/wp-json\/wp\/v2\/media?parent=7091"}],"wp:term":[{"taxonomy":"category","embeddable":true,"href":"https:\/\/infosports.com.ar\/web\/wp-json\/wp\/v2\/categories?post=7091"},{"taxonomy":"post_tag","embeddable":true,"href":"https:\/\/infosports.com.ar\/web\/wp-json\/wp\/v2\/tags?post=7091"}],"curies":[{"name":"wp","href":"https:\/\/api.w.org\/{rel}","templated":true}]}}