{"id":7096,"date":"2024-07-08T10:04:47","date_gmt":"2024-07-08T13:04:47","guid":{"rendered":"https:\/\/infosports.com.ar\/web\/?p=7096"},"modified":"2024-07-08T10:04:47","modified_gmt":"2024-07-08T13:04:47","slug":"catriel-ni-el-frio-freno-al-duatlon-aniversario","status":"publish","type":"post","link":"https:\/\/infosports.com.ar\/web\/catriel-ni-el-frio-freno-al-duatlon-aniversario\/","title":{"rendered":"Catriel: ni el fr\u00edo fren\u00f3 al Duatl\u00f3n Aniversario"},"content":{"rendered":"<p>La capital del petr\u00f3leo y la energ\u00eda vivi\u00f3 una jornada deportiva de excelencia con la participaci\u00f3n de atletas de toda la regi\u00f3n en el Duatl\u00f3n 125\u00b0 aniversario. A la hora de largada el term\u00f3metro marcaba 5\u00b0 bajo cero, luego el sol transform\u00f3 la jornada en agradable.<!--more--><\/p>\n<p>Organizados por la Direcci\u00f3n de Deportes de la Municipalidad, el evento congreg\u00f3 a atletas de Cipolletti, 25 de Mayo, Cinco Saltos, Neuqu\u00e9n y gran participaci\u00f3n local.<\/p>\n<p>La Intendente Daniela Salzotto estuvo en el lugar y agradeci\u00f3 a todos los que hicieron posible la prueba, \u00a0atletas, Protecci\u00f3n Civil, Direcci\u00f3n de Tr\u00e1nsito, Profesores y Profesoras de las Escuelas Municipales.<\/p>\n<p><a href=\"https:\/\/infosports.com.ar\/web\/wp-content\/uploads\/2024\/07\/duatlon3-e1720395425904.jpg\"><img loading=\"lazy\" decoding=\"async\" class=\"alignnone size-medium wp-image-7097\" src=\"https:\/\/infosports.com.ar\/web\/wp-content\/uploads\/2024\/07\/duatlon3-e1720395425904-300x200.jpg\" alt=\"\" width=\"300\" height=\"200\" srcset=\"https:\/\/infosports.com.ar\/web\/wp-content\/uploads\/2024\/07\/duatlon3-e1720395425904-300x200.jpg 300w, https:\/\/infosports.com.ar\/web\/wp-content\/uploads\/2024\/07\/duatlon3-e1720395425904-768x512.jpg 768w, https:\/\/infosports.com.ar\/web\/wp-content\/uploads\/2024\/07\/duatlon3-e1720395425904-630x420.jpg 630w, https:\/\/infosports.com.ar\/web\/wp-content\/uploads\/2024\/07\/duatlon3-e1720395425904-696x464.jpg 696w, https:\/\/infosports.com.ar\/web\/wp-content\/uploads\/2024\/07\/duatlon3-e1720395425904.jpg 860w\" sizes=\"auto, (max-width: 300px) 100vw, 300px\" \/><\/a><\/p>\n<p><strong>Resultados Finales:<\/strong><\/p>\n<p>Equipo Bici de Ruta \u00danico:<\/p>\n<p>1er puesto: Federico Su\u00e1rez.<\/p>\n<p>2do puesto: Facundo Oro, Juan Manuel Almeida.<\/p>\n<p>3er puesto: Francisco Su\u00e1rez, Claudio Urquiza.<\/p>\n<p>Equipo Competitivo Masculino +70 a\u00f1os:<\/p>\n<p>1er puesto: Braian Duran, Lav\u00edn Oscar.<\/p>\n<p>2do puesto: William Gast\u00f3n Lucero, Bustos Mario Cesar.<\/p>\n<p>Equipo Competitivo Masculino -70 a\u00f1os:<\/p>\n<p>1er puesto: Fuentes Wilson Esteban, Fern\u00e1ndez Lucas Joaqu\u00edn.<\/p>\n<p><a href=\"https:\/\/infosports.com.ar\/web\/wp-content\/uploads\/2024\/07\/duatlon6-e1720395527489.jpg\"><img loading=\"lazy\" decoding=\"async\" class=\"alignnone size-medium wp-image-7098\" src=\"https:\/\/infosports.com.ar\/web\/wp-content\/uploads\/2024\/07\/duatlon6-e1720395527489-300x200.jpg\" alt=\"\" width=\"300\" height=\"200\" srcset=\"https:\/\/infosports.com.ar\/web\/wp-content\/uploads\/2024\/07\/duatlon6-e1720395527489-300x200.jpg 300w, https:\/\/infosports.com.ar\/web\/wp-content\/uploads\/2024\/07\/duatlon6-e1720395527489-768x512.jpg 768w, https:\/\/infosports.com.ar\/web\/wp-content\/uploads\/2024\/07\/duatlon6-e1720395527489-630x420.jpg 630w, https:\/\/infosports.com.ar\/web\/wp-content\/uploads\/2024\/07\/duatlon6-e1720395527489-696x464.jpg 696w, https:\/\/infosports.com.ar\/web\/wp-content\/uploads\/2024\/07\/duatlon6-e1720395527489.jpg 860w\" sizes=\"auto, (max-width: 300px) 100vw, 300px\" \/><\/a><\/p>\n<p>2do puesto: Molina Pablo, Molina Yamil.<\/p>\n<p>3er puesto: M\u00e1ximo Dom\u00ednguez, Jos\u00e9 Luis Hensel.<\/p>\n<p>Equipo Competitivo Mixto +70 a\u00f1os:<\/p>\n<p>1er puesto: Almeyra Jorge Nicol\u00e1s, Rodr\u00edguez Mar\u00eda Bel\u00e9n.<\/p>\n<p>2do puesto: Suyai Mardones, Orlando Mardones.<\/p>\n<p>3er puesto: Gabriela Acu\u00f1a, Claudio Centeno.<\/p>\n<p>Equipo Competitivo Mixto -70 a\u00f1os:1er puesto:<\/p>\n<p>Maira Inostroza, Marcos Ar\u00e9valo.<\/p>\n<p>2do puesto: Ver\u00f3nica Garc\u00eda, Espino Daniel.<\/p>\n<p>3er puesto: Mai L\u00f3pez, Ignacio Racedo Rold\u00e1n.<\/p>\n<p>Individual Femenino -60 a\u00f1os:<\/p>\n<p>1er puesto: Eneas Chinchilla.<\/p>\n<p>2do puesto: Marcos Contte.<\/p>\n<p>3er puesto: Germ\u00e1n Dar\u00edo Chaves.<\/p>\n<p>Equipo Promocional Femenino +70 a\u00f1os:<\/p>\n<p>1er puesto: Luz Daula S\u00e1nchez, Lourdes Magallanes.<\/p>\n<p>Equipo Promocional Femenino -70 a\u00f1os:<\/p>\n<p>1er puesto: Vanina Maya, Joselina Silva.<\/p>\n<p>Equipo Promocional Masculino +70 a\u00f1os:<\/p>\n<p>1er puesto: Marcelo Garc\u00eda, Mario S\u00e1nchez.<\/p>\n<p>2do puesto: Juan Reyes, Pedro Oyarzo.<\/p>\n<p>3er puesto: Guillermo Hechenleitner Yalo.<\/p>\n<p>Equipo Promocional Masculino -70 a\u00f1os:<\/p>\n<p>1er puesto: Lautaro Castillo, Fabi\u00e1n Zapata.<\/p>\n<p>2do puesto: Lucas L\u00f3pez, Noah L\u00f3pez.<\/p>\n<p>Equipo Promocional Mixto +70 a\u00f1os:<\/p>\n<p>1er puesto: Escudero Marcelo, Fabiana Arguello.<\/p>\n<p>2do puesto: Suma Fern\u00e1ndez, Enrique Alejandro Orellano.<\/p>\n<p>Equipo Promocional Mixto -70 a\u00f1os:<\/p>\n<p>1er puesto: Flavia Leonela Berm\u00fadez, Diego Nicol\u00e1s Hern\u00e1ndez.<\/p>\n","protected":false},"excerpt":{"rendered":"<p>La capital del petr\u00f3leo y la energ\u00eda vivi\u00f3 una jornada deportiva de excelencia con la participaci\u00f3n de atletas de toda la regi\u00f3n en el Duatl\u00f3n 125\u00b0 aniversario. A la hora de largada el term\u00f3metro marcaba 5\u00b0 bajo cero, luego el sol transform\u00f3 la jornada en agradable.<\/p>\n","protected":false},"author":3,"featured_media":7099,"comment_status":"open","ping_status":"open","sticky":false,"template":"","format":"standard","meta":{"_acf_changed":false,"footnotes":""},"categories":[67,62,65],"tags":[],"class_list":{"0":"post-7096","1":"post","2":"type-post","3":"status-publish","4":"format-standard","5":"has-post-thumbnail","7":"category-destacadas","8":"category-locales","9":"category-multidisciplinas"},"acf":[],"aioseo_notices":[],"_links":{"self":[{"href":"https:\/\/infosports.com.ar\/web\/wp-json\/wp\/v2\/posts\/7096","targetHints":{"allow":["GET"]}}],"collection":[{"href":"https:\/\/infosports.com.ar\/web\/wp-json\/wp\/v2\/posts"}],"about":[{"href":"https:\/\/infosports.com.ar\/web\/wp-json\/wp\/v2\/types\/post"}],"author":[{"embeddable":true,"href":"https:\/\/infosports.com.ar\/web\/wp-json\/wp\/v2\/users\/3"}],"replies":[{"embeddable":true,"href":"https:\/\/infosports.com.ar\/web\/wp-json\/wp\/v2\/comments?post=7096"}],"version-history":[{"count":1,"href":"https:\/\/infosports.com.ar\/web\/wp-json\/wp\/v2\/posts\/7096\/revisions"}],"predecessor-version":[{"id":7101,"href":"https:\/\/infosports.com.ar\/web\/wp-json\/wp\/v2\/posts\/7096\/revisions\/7101"}],"wp:featuredmedia":[{"embeddable":true,"href":"https:\/\/infosports.com.ar\/web\/wp-json\/wp\/v2\/media\/7099"}],"wp:attachment":[{"href":"https:\/\/infosports.com.ar\/web\/wp-json\/wp\/v2\/media?parent=7096"}],"wp:term":[{"taxonomy":"category","embeddable":true,"href":"https:\/\/infosports.com.ar\/web\/wp-json\/wp\/v2\/categories?post=7096"},{"taxonomy":"post_tag","embeddable":true,"href":"https:\/\/infosports.com.ar\/web\/wp-json\/wp\/v2\/tags?post=7096"}],"curies":[{"name":"wp","href":"https:\/\/api.w.org\/{rel}","templated":true}]}}