{"id":7108,"date":"2024-07-11T20:04:16","date_gmt":"2024-07-11T23:04:16","guid":{"rendered":"https:\/\/infosports.com.ar\/web\/?p=7108"},"modified":"2024-07-11T20:04:16","modified_gmt":"2024-07-11T23:04:16","slug":"catriel-copa-el-nacional-de-tenis-de-mesa","status":"publish","type":"post","link":"https:\/\/infosports.com.ar\/web\/catriel-copa-el-nacional-de-tenis-de-mesa\/","title":{"rendered":"Catriel copa el Nacional de Tenis de Mesa"},"content":{"rendered":"<p>Desde el 17 al 21 de Julio en el Complejo Polideportivo Ian Barney, ubicado en las calles Piedrabuena y Juan Areco, de la Ciudad de Ober\u00e1 Provincia de Misiones, se llevar\u00e1 adelante el 69\u00b0 CAMPEONATO ARGENTINO de Tenis de Mesa, organizado por la FE.MI.TE.M (Federaci\u00f3n Misionera de Tenis de Mesa), fiscalizado por la FATM (Federaci\u00f3n Argentina de Tenis de Mesa)<!--more--><\/p>\n<p><a href=\"https:\/\/infosports.com.ar\/web\/wp-content\/uploads\/2024\/07\/IMG-20240711-WA0004.jpg\"><img loading=\"lazy\" decoding=\"async\" class=\"size-medium wp-image-7109 alignnone\" src=\"https:\/\/infosports.com.ar\/web\/wp-content\/uploads\/2024\/07\/IMG-20240711-WA0004-135x300.jpg\" alt=\"\" width=\"135\" height=\"300\" srcset=\"https:\/\/infosports.com.ar\/web\/wp-content\/uploads\/2024\/07\/IMG-20240711-WA0004-135x300.jpg 135w, https:\/\/infosports.com.ar\/web\/wp-content\/uploads\/2024\/07\/IMG-20240711-WA0004-462x1024.jpg 462w, https:\/\/infosports.com.ar\/web\/wp-content\/uploads\/2024\/07\/IMG-20240711-WA0004-189x420.jpg 189w, https:\/\/infosports.com.ar\/web\/wp-content\/uploads\/2024\/07\/IMG-20240711-WA0004.jpg 521w\" sizes=\"auto, (max-width: 135px) 100vw, 135px\" \/><\/a><\/p>\n<p>Los inscritos de todas las provincias son 605 deportistas de todo el pa\u00eds, la Provincia de R\u00edo estar\u00e1 representada por 9 deportistas 3 Cipolle\u00f1os y 6 Catrilenses, que participar\u00e1n en diferentes Categor\u00edas.<\/p>\n<p>Es de recordar que 5 de los deportistas obtuvieron su plaza en el Provincial disputado en la Ciudad de Catriel el pasado 1 y 2 de junio del corriente a\u00f1o, los restantes tres deportistas tienen su derecho adquirido por su Ranking a nivel Nacional.<\/p>\n<p><a href=\"https:\/\/infosports.com.ar\/web\/wp-content\/uploads\/2024\/07\/IMG-20240711-WA0007.jpg\"><img loading=\"lazy\" decoding=\"async\" class=\"alignnone size-medium wp-image-7110\" src=\"https:\/\/infosports.com.ar\/web\/wp-content\/uploads\/2024\/07\/IMG-20240711-WA0007-225x300.jpg\" alt=\"\" width=\"225\" height=\"300\" srcset=\"https:\/\/infosports.com.ar\/web\/wp-content\/uploads\/2024\/07\/IMG-20240711-WA0007-225x300.jpg 225w, https:\/\/infosports.com.ar\/web\/wp-content\/uploads\/2024\/07\/IMG-20240711-WA0007-768x1024.jpg 768w, https:\/\/infosports.com.ar\/web\/wp-content\/uploads\/2024\/07\/IMG-20240711-WA0007-315x420.jpg 315w, https:\/\/infosports.com.ar\/web\/wp-content\/uploads\/2024\/07\/IMG-20240711-WA0007-696x928.jpg 696w, https:\/\/infosports.com.ar\/web\/wp-content\/uploads\/2024\/07\/IMG-20240711-WA0007.jpg 960w\" sizes=\"auto, (max-width: 225px) 100vw, 225px\" \/><\/a><\/p>\n<p>Ac\u00e1 el detalle:<\/p>\n<p>CIPOLLETTI:<\/p>\n<p>&#8211; 1 MANUEL RODR\u00cdGUEZ:<br \/>\nDebut en el Nacional.<br \/>\nSub Campe\u00f3n Provincial 2024 en la Categor\u00eda Sub 15.<\/p>\n<p>Participar\u00e1 en 3 Categor\u00edas:<br \/>\n&#8211; Equipo junto a Teo Rojas<br \/>\n&#8211; Doble junto a Teo Rojas<br \/>\n&#8211; Individual Sub 15<\/p>\n<p><a href=\"https:\/\/infosports.com.ar\/web\/wp-content\/uploads\/2024\/07\/IMG-20240711-WA0003.jpg\"><img loading=\"lazy\" decoding=\"async\" class=\"alignnone size-medium wp-image-7111\" src=\"https:\/\/infosports.com.ar\/web\/wp-content\/uploads\/2024\/07\/IMG-20240711-WA0003-300x209.jpg\" alt=\"\" width=\"300\" height=\"209\" srcset=\"https:\/\/infosports.com.ar\/web\/wp-content\/uploads\/2024\/07\/IMG-20240711-WA0003-300x209.jpg 300w, https:\/\/infosports.com.ar\/web\/wp-content\/uploads\/2024\/07\/IMG-20240711-WA0003-1024x712.jpg 1024w, https:\/\/infosports.com.ar\/web\/wp-content\/uploads\/2024\/07\/IMG-20240711-WA0003-768x534.jpg 768w, https:\/\/infosports.com.ar\/web\/wp-content\/uploads\/2024\/07\/IMG-20240711-WA0003-604x420.jpg 604w, https:\/\/infosports.com.ar\/web\/wp-content\/uploads\/2024\/07\/IMG-20240711-WA0003-696x484.jpg 696w, https:\/\/infosports.com.ar\/web\/wp-content\/uploads\/2024\/07\/IMG-20240711-WA0003-1068x743.jpg 1068w, https:\/\/infosports.com.ar\/web\/wp-content\/uploads\/2024\/07\/IMG-20240711-WA0003-100x70.jpg 100w, https:\/\/infosports.com.ar\/web\/wp-content\/uploads\/2024\/07\/IMG-20240711-WA0003.jpg 1530w\" sizes=\"auto, (max-width: 300px) 100vw, 300px\" \/><\/a><\/p>\n<p>&#8211; 2 TEO ROJAS<br \/>\nDebut en el Nacional.<br \/>\nTercer Puesto en el Provincial 2024 en la Categor\u00eda Sub 15.<\/p>\n<p>Participar\u00e1 en 3 Categor\u00edas:<br \/>\n&#8211; Equipo junto a Manuel Rodr\u00edguez<br \/>\n&#8211; Doble junto a Manuel Rodr\u00edguez<br \/>\n&#8211; Individual Sub 15<\/p>\n<p>&nbsp;<\/p>\n<p>&#8211; 3 JEAN DE RENZIS<br \/>\nDebut en el Nacional.<br \/>\nTercer Puesto en el Provincial 2024 en la Categor\u00eda Sub 19<\/p>\n<p>Participar\u00e1 en 1 Categor\u00eda<br \/>\n&#8211; Individual Sub 19<\/p>\n<p>CATRIEL:<\/p>\n<p>&#8211; 4 GAEL ROJEL &#8211; BOGADO<br \/>\nDebut en el Nacional.<br \/>\nTercer Puesto en el Provincial 2024 en la Categor\u00eda Sub 11<\/p>\n<p>Participar\u00e1 en 3 Categor\u00edas:<br \/>\n&#8211; Equipo junto a Francisco Gonz\u00e1lez<br \/>\n&#8211; Doble junto a Francisco Gonz\u00e1lez<br \/>\n&#8211; Individual Sub 11<\/p>\n<p>&#8211; 5 FRANCISCO GONZ\u00c1LEZ<br \/>\nDebut en el Nacional.<br \/>\nActual Campe\u00f3n en el Provincial 2024 en la Categor\u00eda Sub 11<\/p>\n<p>Participar\u00e1 en 3 Categor\u00edas:<br \/>\n&#8211; Equipo junto a Gael Rojel &#8211; Bogado.<br \/>\n&#8211; Doble junto a Gael Rojel &#8211; Bogado.<br \/>\n&#8211; Individual Sub 11<\/p>\n<p>&#8211; 6 PRISCILA JARA<br \/>\nSe Coron\u00f3 2 veces Sub Campeona Nacional en la Categor\u00eda Individual.<br \/>\n&#8211; Tercer Puesto en el Provincial 2024 en la Categor\u00eda Mayores.<\/p>\n<p>Participar\u00e1 en 3 Categor\u00edas:<br \/>\n&#8211; Doble Mayores junto a Manuela Pereyra<br \/>\n&#8211; Individual Sub 19<br \/>\n&#8211; Individual Mayores<\/p>\n<p>&#8211; 7 IGNACIO SERRA<br \/>\nSe Coron\u00f3 2 veces Sub Campe\u00f3n Nacional en la Categor\u00eda Individual.<br \/>\n&#8211; Actual Campe\u00f3n Provincial 2024 en la Categor\u00eda Sub 15<br \/>\n&#8211; Jugador de la Selecci\u00f3n Argentina en el 2022 y 2023<\/p>\n<p>Participar\u00e1 en 4 Categor\u00edas:<br \/>\n&#8211; Individual Sub 15<br \/>\n&#8211; Equipo Sub 17 junto a Santiago Serra.<br \/>\n&#8211; Doble Sub 17 Junto a Santiago Serra.<br \/>\n&#8211; Individual Sub 17<\/p>\n<p>&#8211; 8 SANTIAGO SERRA<br \/>\nSe Coron\u00f3 1 vez Sub Campe\u00f3n Nacional en la Categor\u00eda Individual.<br \/>\n&#8211; Actualmente ocupa el 1er lugar en el Ranking Nacional Sub 17.<br \/>\n&#8211; Actual Campe\u00f3n Provincial 2024 en la Categor\u00eda Sub 19<br \/>\n&#8211; Jugador de la Selecci\u00f3n Argentina en el 2018<\/p>\n<p>Participar\u00e1 en 5 Categor\u00edas:<br \/>\n&#8211; Equipo Sub 17 junto a Ignacio Serra.<br \/>\n&#8211; Doble Sub 17 junto a Ignacio Serra.<br \/>\n&#8211; Individual Sub 17<br \/>\n&#8211; Individual Sub 19<br \/>\n&#8211; Dobles Mixtos en Mayores junto a Manuela Pereyra.<\/p>\n<p>&#8211; 9 MANUELA PEREYRA<br \/>\nSe Coron\u00f3 5 veces Campeona Nacional en la Categor\u00eda Individual.<br \/>\n&#8211; Actualmente ocupa el 4 lugar en el Ranking Nacional la Categor\u00eda Mayores.<br \/>\n&#8211; Actual Campeona Provincial 2024 en la Categor\u00eda Mayores.<br \/>\n&#8211; Jugadora de la Selecci\u00f3n Argentina en 2015 hasta la actualidad.<\/p>\n<p>Participar\u00e1 en 4 Categor\u00edas:<br \/>\n&#8211; Individual Sub 19<br \/>\n&#8211; Doble Categor\u00eda Mayores junto a Priscila Jara.<br \/>\n&#8211; Doble Mixtos en Mayores junto a Santiago Serra.<br \/>\n&#8211; Individual Mayores.<\/p>\n<p>Todos estos jugadores ser\u00e1n acompa\u00f1ados con el Coach internacional Profesor Cristian Pereyra, perteneciente a las Escuelas Municipales de 25 de Mayo La Pampa y Catriel Rio Negro.<\/p>\n","protected":false},"excerpt":{"rendered":"<p>Desde el 17 al 21 de Julio en el Complejo Polideportivo Ian Barney, ubicado en las calles Piedrabuena y Juan Areco, de la Ciudad de Ober\u00e1 Provincia de Misiones, se llevar\u00e1 adelante el 69\u00b0 CAMPEONATO ARGENTINO de Tenis de Mesa, organizado por la FE.MI.TE.M (Federaci\u00f3n Misionera de Tenis de Mesa), fiscalizado por la FATM (Federaci\u00f3n [&hellip;]<\/p>\n","protected":false},"author":3,"featured_media":7112,"comment_status":"open","ping_status":"open","sticky":false,"template":"","format":"standard","meta":{"_acf_changed":false,"footnotes":""},"categories":[67,65,61],"tags":[],"class_list":{"0":"post-7108","1":"post","2":"type-post","3":"status-publish","4":"format-standard","5":"has-post-thumbnail","7":"category-destacadas","8":"category-multidisciplinas","9":"category-nacionales"},"acf":[],"aioseo_notices":[],"_links":{"self":[{"href":"https:\/\/infosports.com.ar\/web\/wp-json\/wp\/v2\/posts\/7108","targetHints":{"allow":["GET"]}}],"collection":[{"href":"https:\/\/infosports.com.ar\/web\/wp-json\/wp\/v2\/posts"}],"about":[{"href":"https:\/\/infosports.com.ar\/web\/wp-json\/wp\/v2\/types\/post"}],"author":[{"embeddable":true,"href":"https:\/\/infosports.com.ar\/web\/wp-json\/wp\/v2\/users\/3"}],"replies":[{"embeddable":true,"href":"https:\/\/infosports.com.ar\/web\/wp-json\/wp\/v2\/comments?post=7108"}],"version-history":[{"count":1,"href":"https:\/\/infosports.com.ar\/web\/wp-json\/wp\/v2\/posts\/7108\/revisions"}],"predecessor-version":[{"id":7113,"href":"https:\/\/infosports.com.ar\/web\/wp-json\/wp\/v2\/posts\/7108\/revisions\/7113"}],"wp:featuredmedia":[{"embeddable":true,"href":"https:\/\/infosports.com.ar\/web\/wp-json\/wp\/v2\/media\/7112"}],"wp:attachment":[{"href":"https:\/\/infosports.com.ar\/web\/wp-json\/wp\/v2\/media?parent=7108"}],"wp:term":[{"taxonomy":"category","embeddable":true,"href":"https:\/\/infosports.com.ar\/web\/wp-json\/wp\/v2\/categories?post=7108"},{"taxonomy":"post_tag","embeddable":true,"href":"https:\/\/infosports.com.ar\/web\/wp-json\/wp\/v2\/tags?post=7108"}],"curies":[{"name":"wp","href":"https:\/\/api.w.org\/{rel}","templated":true}]}}