{"id":7166,"date":"2024-07-24T10:21:07","date_gmt":"2024-07-24T13:21:07","guid":{"rendered":"https:\/\/infosports.com.ar\/web\/?p=7166"},"modified":"2024-07-24T13:10:24","modified_gmt":"2024-07-24T16:10:24","slug":"el-kartdromo-de-catriel-vivio-una-jornada-de-pruebas-de-forma-exitosa","status":"publish","type":"post","link":"https:\/\/infosports.com.ar\/web\/el-kartdromo-de-catriel-vivio-una-jornada-de-pruebas-de-forma-exitosa\/","title":{"rendered":"El Kartodromo de Catriel vivi\u00f3 una jornada de &#8220;pruebas&#8221; de forma exitosa"},"content":{"rendered":"<p>El kartodromo de Catriel vivi\u00f3 una jornada a pleno durante las pruebas oficiales del d\u00eda domingo. (infosports.com.ar \/ FM ALAS)<!--more--><\/p>\n<p>El evento tuvo la compa\u00f1\u00eda de una jornada plena desde lo clim\u00e1tico, un factor que contribuy\u00f3 sin dudas a que los vecinos de Catriel, 25 de Mayo y la regi\u00f3n colmen el kartdromo local que ser\u00e1 inaugurado en septiembre. Fueron aproximadamente 600 veh\u00edculos que ingresaron al predio lindante a la ruta 151, acceso norte a la ciudad petrolera.<\/p>\n<p><a href=\"https:\/\/infosports.com.ar\/web\/wp-content\/uploads\/2024\/07\/kartodormo-1.jpg\"><img loading=\"lazy\" decoding=\"async\" class=\"alignnone wp-image-7168 size-large\" src=\"https:\/\/infosports.com.ar\/web\/wp-content\/uploads\/2024\/07\/kartodormo-1-1024x566.jpg\" alt=\"\" width=\"696\" height=\"385\" srcset=\"https:\/\/infosports.com.ar\/web\/wp-content\/uploads\/2024\/07\/kartodormo-1-1024x566.jpg 1024w, https:\/\/infosports.com.ar\/web\/wp-content\/uploads\/2024\/07\/kartodormo-1-300x166.jpg 300w, https:\/\/infosports.com.ar\/web\/wp-content\/uploads\/2024\/07\/kartodormo-1-768x425.jpg 768w, https:\/\/infosports.com.ar\/web\/wp-content\/uploads\/2024\/07\/kartodormo-1-760x420.jpg 760w, https:\/\/infosports.com.ar\/web\/wp-content\/uploads\/2024\/07\/kartodormo-1-696x385.jpg 696w, https:\/\/infosports.com.ar\/web\/wp-content\/uploads\/2024\/07\/kartodormo-1-1068x591.jpg 1068w, https:\/\/infosports.com.ar\/web\/wp-content\/uploads\/2024\/07\/kartodormo-1.jpg 1266w\" sizes=\"auto, (max-width: 696px) 100vw, 696px\" \/><\/a><\/p>\n<p>Seg\u00fan la organizaci\u00f3n (ADAC) fueron unos 25 karting de distintas categor\u00edas, tanto 4 tiempos como 2 tiempos que hicieron uso del excelente recorrido que presenta esta pista, iniciando a las 11hs del domingo 21 del corriente mes, culminando a las 17:30hs<\/p>\n<p>La organizaci\u00f3n no dej\u00f3 nada liberado al azar, ya que las medidas de seguridad se cumplieron a raja tabla, permitiendo que la familia pueda presenciar un gran espect\u00e1culo.<\/p>\n<p><a href=\"https:\/\/infosports.com.ar\/web\/wp-content\/uploads\/2024\/07\/kartodromo-2.jpg\"><img loading=\"lazy\" decoding=\"async\" class=\"alignnone wp-image-7169 size-large\" src=\"https:\/\/infosports.com.ar\/web\/wp-content\/uploads\/2024\/07\/kartodromo-2-1024x493.jpg\" alt=\"\" width=\"696\" height=\"335\" srcset=\"https:\/\/infosports.com.ar\/web\/wp-content\/uploads\/2024\/07\/kartodromo-2-1024x493.jpg 1024w, https:\/\/infosports.com.ar\/web\/wp-content\/uploads\/2024\/07\/kartodromo-2-300x145.jpg 300w, https:\/\/infosports.com.ar\/web\/wp-content\/uploads\/2024\/07\/kartodromo-2-768x370.jpg 768w, https:\/\/infosports.com.ar\/web\/wp-content\/uploads\/2024\/07\/kartodromo-2-872x420.jpg 872w, https:\/\/infosports.com.ar\/web\/wp-content\/uploads\/2024\/07\/kartodromo-2-696x335.jpg 696w, https:\/\/infosports.com.ar\/web\/wp-content\/uploads\/2024\/07\/kartodromo-2-1068x515.jpg 1068w, https:\/\/infosports.com.ar\/web\/wp-content\/uploads\/2024\/07\/kartodromo-2.jpg 1154w\" sizes=\"auto, (max-width: 696px) 100vw, 696px\" \/><\/a><\/p>\n<p>Las criticas de los pilotos que participan del campeonato Karting con Caja fueron excelentes y ya se trabaja en que una fecha de este evento arribe a Catriel en septiembre en lo que ser\u00eda la inauguraci\u00f3n del Kartodromo de la ciudad de Catriel.<\/p>\n<p><a href=\"https:\/\/infosports.com.ar\/web\/wp-content\/uploads\/2024\/07\/kartodormo-boxes.jpg\"><img loading=\"lazy\" decoding=\"async\" class=\"alignnone wp-image-7170 size-large\" src=\"https:\/\/infosports.com.ar\/web\/wp-content\/uploads\/2024\/07\/kartodormo-boxes-1024x592.jpg\" alt=\"\" width=\"696\" height=\"402\" srcset=\"https:\/\/infosports.com.ar\/web\/wp-content\/uploads\/2024\/07\/kartodormo-boxes-1024x592.jpg 1024w, https:\/\/infosports.com.ar\/web\/wp-content\/uploads\/2024\/07\/kartodormo-boxes-300x173.jpg 300w, https:\/\/infosports.com.ar\/web\/wp-content\/uploads\/2024\/07\/kartodormo-boxes-768x444.jpg 768w, https:\/\/infosports.com.ar\/web\/wp-content\/uploads\/2024\/07\/kartodormo-boxes-727x420.jpg 727w, https:\/\/infosports.com.ar\/web\/wp-content\/uploads\/2024\/07\/kartodormo-boxes-696x402.jpg 696w, https:\/\/infosports.com.ar\/web\/wp-content\/uploads\/2024\/07\/kartodormo-boxes-1068x617.jpg 1068w, https:\/\/infosports.com.ar\/web\/wp-content\/uploads\/2024\/07\/kartodormo-boxes.jpg 1530w\" sizes=\"auto, (max-width: 696px) 100vw, 696px\" \/><\/a><\/p>\n","protected":false},"excerpt":{"rendered":"<p>El kartodromo de Catriel vivi\u00f3 una jornada a pleno durante las pruebas oficiales del d\u00eda domingo. (infosports.com.ar \/ FM ALAS)<\/p>\n","protected":false},"author":3,"featured_media":7167,"comment_status":"open","ping_status":"open","sticky":false,"template":"","format":"standard","meta":{"_acf_changed":false,"footnotes":""},"categories":[67,62,65],"tags":[],"class_list":{"0":"post-7166","1":"post","2":"type-post","3":"status-publish","4":"format-standard","5":"has-post-thumbnail","7":"category-destacadas","8":"category-locales","9":"category-multidisciplinas"},"acf":[],"aioseo_notices":[],"_links":{"self":[{"href":"https:\/\/infosports.com.ar\/web\/wp-json\/wp\/v2\/posts\/7166","targetHints":{"allow":["GET"]}}],"collection":[{"href":"https:\/\/infosports.com.ar\/web\/wp-json\/wp\/v2\/posts"}],"about":[{"href":"https:\/\/infosports.com.ar\/web\/wp-json\/wp\/v2\/types\/post"}],"author":[{"embeddable":true,"href":"https:\/\/infosports.com.ar\/web\/wp-json\/wp\/v2\/users\/3"}],"replies":[{"embeddable":true,"href":"https:\/\/infosports.com.ar\/web\/wp-json\/wp\/v2\/comments?post=7166"}],"version-history":[{"count":2,"href":"https:\/\/infosports.com.ar\/web\/wp-json\/wp\/v2\/posts\/7166\/revisions"}],"predecessor-version":[{"id":7177,"href":"https:\/\/infosports.com.ar\/web\/wp-json\/wp\/v2\/posts\/7166\/revisions\/7177"}],"wp:featuredmedia":[{"embeddable":true,"href":"https:\/\/infosports.com.ar\/web\/wp-json\/wp\/v2\/media\/7167"}],"wp:attachment":[{"href":"https:\/\/infosports.com.ar\/web\/wp-json\/wp\/v2\/media?parent=7166"}],"wp:term":[{"taxonomy":"category","embeddable":true,"href":"https:\/\/infosports.com.ar\/web\/wp-json\/wp\/v2\/categories?post=7166"},{"taxonomy":"post_tag","embeddable":true,"href":"https:\/\/infosports.com.ar\/web\/wp-json\/wp\/v2\/tags?post=7166"}],"curies":[{"name":"wp","href":"https:\/\/api.w.org\/{rel}","templated":true}]}}