{"id":7189,"date":"2024-07-26T12:47:33","date_gmt":"2024-07-26T15:47:33","guid":{"rendered":"https:\/\/infosports.com.ar\/web\/?p=7189"},"modified":"2024-07-26T12:47:33","modified_gmt":"2024-07-26T15:47:33","slug":"tenis-de-mesa-manu-pereyra-clasificada-al-panamericano-u19","status":"publish","type":"post","link":"https:\/\/infosports.com.ar\/web\/tenis-de-mesa-manu-pereyra-clasificada-al-panamericano-u19\/","title":{"rendered":"Tenis de Mesa-Manu Pereyra clasificada al Panamericano U19"},"content":{"rendered":"<p>La extraordinaria jugadora Catrilense Manu Pereyra, quien recientemente particip\u00f3 del Sudamericano en Santiago de Chile, teniendo muy buen desempe\u00f1o, recibi\u00f3 la noticia del Cuerpo T\u00e9cnico Nacional, de la clasificaci\u00f3n al ITTF 2024 PAN AMERICAN YOUTH CHAMPIONSHIPS (U 19).<!--more--><\/p>\n<p>Argentina obtuvo la clasificaci\u00f3n en el reciente Sudamericano, disputado en Santiago de Chile, donde el equipo nacional estuvo representado por 4 jugadoras 3 de la provincia de Buenos Aires y Manu Pereyra de Catriel R\u00edo Negro.<\/p>\n<p>Ellas Son:<br \/>\n&#8211; Camila P\u00e9rez (Mar del Plata) Bs As.<br \/>\n&#8211; MANUELA PEREYRA (Catriel) R\u00edo Negro.<br \/>\n&#8211; Abril Okuyama (Capital) Bs As.<br \/>\n&#8211; Abril Iwasa (La Plata) Bs As.<\/p>\n<p>El Panamericano en primera instancia se iba a llevar a cabo en Caracas &#8211; Venezuela, pero por motivos extradeportivos se cambi\u00f3 de sede, se disputa del 31 de agosto al 7 de septiembre en Lima &#8211; Per\u00fa.<\/p>\n<p>&nbsp;<\/p>\n<p>Las 16 Selecci\u00f3nes clasificadas seg\u00fan la regi\u00f3n son:<\/p>\n<p>SOUTH AMERICAN:<br \/>\n&#8211; BRASIL<br \/>\n&#8211; CHILE<br \/>\n&#8211; ECUADOR<br \/>\n&#8211; PARAGUAY<\/p>\n<p>CENTRAL AMERICAN:<br \/>\n\u2022 GUATEMALA<br \/>\n&#8211; COSTA RICA<br \/>\n&#8211; EL SALVADOR<br \/>\n&#8211; HONDURAS<\/p>\n<p>CARIBBEAN:<br \/>\n&#8211; PUERTO RICO<br \/>\n\u2022 TRINIDAD Y TOBAGO<br \/>\n\u2022 REP\u00daBLICA DOMINICANA<br \/>\n&#8211; JAMAICA<\/p>\n<p>&nbsp;<\/p>\n<p>NORTH AMERICA<br \/>\n&#8211; CANADA<br \/>\n&#8211; USA<\/p>\n<p>&nbsp;<\/p>\n<p>TEAM RANKING<br \/>\n&#8211; ARGENTINA<\/p>\n<p>&nbsp;<\/p>\n<p>HOST TEAM<br \/>\n&#8211; PER\u00da<\/p>\n<p>&nbsp;<\/p>\n<p>Manu declar\u00f3, que es un honor seguir representando a la Ciudad Catriel, Provincial Rio Negro y Pa\u00eds Argentina, en los pr\u00f3ximos Panamericanos, ojal\u00e1 pueda seguir cumpliendo metas deportivas para hacer cada d\u00eda m\u00e1s grande nuestra naci\u00f3n.<\/p>\n<p>Quiero agradecer a la gente y empresa que siempre trabajan junto a mi padre, para que mi carrera deportiva siga adelante, Vista Energy &#8211; Fundaci\u00f3n Laureus &#8211; Gobierno de R\u00edo Negro &#8211; Alberto Weretilneck &#8211; Municipalidad de Catriel &#8211; Municipalidad de 25 de Mayo &#8211; a mi familia &#8211; a los profes y autoridades del CET N\u00b0 21 &#8211; a los medios de comunicaci\u00f3n y a todas las personas que siempre est\u00e1n en las buenas y en las malas.<\/p>\n<p>Es de recordar que Manu Pereyra es jugadora de la Selecci\u00f3n Argentina desde los 8 a\u00f1os y su primer Sudamericano lo disput\u00f3 con s\u00f3lo 9 a\u00f1os, adem\u00e1s participo en Torneos muy importantes representando a nuestro Pa\u00eds como: Sudamericanos, Latinoamericanos, Panamericanos, Esperanzas Sudamericanas, Juegos Ol\u00edmpicos de la Juventud, Circuitos Mundiales, obteniendo medallas &#x1f3c5; en muchos de estos torneos.<\/p>\n<p>Por su parte el Coach y Padre de Manu, Profesor Cristian Pereyra declar\u00f3 que trabajaremos fuerte en todos los aspectos para que Manu,de poder viajar llegue en buenas condiciones deportivas.<\/p>\n<p>No est\u00e1 asegura su participaci\u00f3n ya que por disposiciones nacionales, los deportistas tienen que cubrir los gastos para representar a nuestro pa\u00eds, pero trabajaremos tambi\u00e9n en este aspecto para conseguir los fondos necesarios para estar presente en el Panamericano de Lima Per\u00fa.<\/p>\n","protected":false},"excerpt":{"rendered":"<p>La extraordinaria jugadora Catrilense Manu Pereyra, quien recientemente particip\u00f3 del Sudamericano en Santiago de Chile, teniendo muy buen desempe\u00f1o, recibi\u00f3 la noticia del Cuerpo T\u00e9cnico Nacional, de la clasificaci\u00f3n al ITTF 2024 PAN AMERICAN YOUTH CHAMPIONSHIPS (U 19).<\/p>\n","protected":false},"author":3,"featured_media":7190,"comment_status":"open","ping_status":"open","sticky":false,"template":"","format":"standard","meta":{"_acf_changed":false,"footnotes":""},"categories":[67,65,61],"tags":[],"class_list":{"0":"post-7189","1":"post","2":"type-post","3":"status-publish","4":"format-standard","5":"has-post-thumbnail","7":"category-destacadas","8":"category-multidisciplinas","9":"category-nacionales"},"acf":[],"aioseo_notices":[],"_links":{"self":[{"href":"https:\/\/infosports.com.ar\/web\/wp-json\/wp\/v2\/posts\/7189","targetHints":{"allow":["GET"]}}],"collection":[{"href":"https:\/\/infosports.com.ar\/web\/wp-json\/wp\/v2\/posts"}],"about":[{"href":"https:\/\/infosports.com.ar\/web\/wp-json\/wp\/v2\/types\/post"}],"author":[{"embeddable":true,"href":"https:\/\/infosports.com.ar\/web\/wp-json\/wp\/v2\/users\/3"}],"replies":[{"embeddable":true,"href":"https:\/\/infosports.com.ar\/web\/wp-json\/wp\/v2\/comments?post=7189"}],"version-history":[{"count":1,"href":"https:\/\/infosports.com.ar\/web\/wp-json\/wp\/v2\/posts\/7189\/revisions"}],"predecessor-version":[{"id":7192,"href":"https:\/\/infosports.com.ar\/web\/wp-json\/wp\/v2\/posts\/7189\/revisions\/7192"}],"wp:featuredmedia":[{"embeddable":true,"href":"https:\/\/infosports.com.ar\/web\/wp-json\/wp\/v2\/media\/7190"}],"wp:attachment":[{"href":"https:\/\/infosports.com.ar\/web\/wp-json\/wp\/v2\/media?parent=7189"}],"wp:term":[{"taxonomy":"category","embeddable":true,"href":"https:\/\/infosports.com.ar\/web\/wp-json\/wp\/v2\/categories?post=7189"},{"taxonomy":"post_tag","embeddable":true,"href":"https:\/\/infosports.com.ar\/web\/wp-json\/wp\/v2\/tags?post=7189"}],"curies":[{"name":"wp","href":"https:\/\/api.w.org\/{rel}","templated":true}]}}