{"id":7193,"date":"2024-07-29T09:32:40","date_gmt":"2024-07-29T12:32:40","guid":{"rendered":"https:\/\/infosports.com.ar\/web\/?p=7193"},"modified":"2024-07-29T09:32:40","modified_gmt":"2024-07-29T12:32:40","slug":"federal-a-deportivo-rincon-gano-en-casa-y-manda-en-la-revalida","status":"publish","type":"post","link":"https:\/\/infosports.com.ar\/web\/federal-a-deportivo-rincon-gano-en-casa-y-manda-en-la-revalida\/","title":{"rendered":"Federal A: Deportivo Rinc\u00f3n gan\u00f3 en casa y manda en la Rev\u00e1lida"},"content":{"rendered":"<section class=\"body-content\" data-twitter-link=\"https:\/\/twitter.com\/intent\/tweet?url=https:\/\/www.lmcipolletti.com\/c1131948&amp;v\u00eda=lmneuquen&amp;related=LMCipolletti.com&amp;text=\" data-td-script-src=\"https:\/\/www.lmcipolletti.com\/js-custom\/198\/v2\/jquery-3.6.0.min-min-version-1722226148.js,https:\/\/www.lmcipolletti.com\/js-custom\/198\/v2\/functions\/function-embeds-min-version-1722226148.js\">\n<p data-mrf-recirculation=\"Links art\u00edculo\">Por primera vez en su primera temporada en la categor\u00eda,\u00a0<a href=\"https:\/\/www.lmneuquen.com\/deportes\/lucas-mellado-y-el-objetivo-deportivo-rincon-queremos-estar-los-cruces-n1131372\" target=\"_blank\" rel=\"follow noopener\" data-mrf-link=\"https:\/\/www.lmneuquen.com\/deportes\/lucas-mellado-y-el-objetivo-deportivo-rincon-queremos-estar-los-cruces-n1131372\"><strong>Deportivo Rinc\u00f3n<\/strong>\u00a0gan\u00f3 dos partidos seguidos\u00a0<\/a>y atraviesa su mejor momento en el\u00a0<strong>Federal A<\/strong>. Este domingo derrot\u00f3 por 2 a 0 a Juventud Unida Universitario y es l\u00edder de la zona A de la Rev\u00e1lida junto con Sol de Mayo. El equipo de Alejandro Abaurre ven\u00eda de lograr su primer \u00e9xito de visitante contra Ferro y esta vez volvi\u00f3 a hacerse fuerte de local y se afirma como candidato a seguir en carrera.<\/p>\n<\/section>\n<p><!--more--><\/p>\n<p>Con el apoyo de su gente, en la Ciudad Deportiva del norte neuquino, el Le\u00f3n tuvo la iniciativa desde el comienzo y sac\u00f3 diferencias, como tantas veces lo hizo en este torneo, a trav\u00e9s de la pelota parada. En las alturas gan\u00f3<strong>\u00a0Jonathan Chac\u00f3n<\/strong>, refuerzo que lleg\u00f3 en el \u00faltimo mercado de pases, para abrir el marcador y gritarlo con furia a los 26\u2032 del primer tiempo.<\/p>\n<section class=\"body-content\" data-twitter-link=\"https:\/\/twitter.com\/intent\/tweet?url=https:\/\/www.lmcipolletti.com\/c1131948&amp;v\u00eda=lmneuquen&amp;related=LMCipolletti.com&amp;text=\" data-td-script-src=\"https:\/\/www.lmcipolletti.com\/js-custom\/198\/v2\/jquery-3.6.0.min-min-version-1722226148.js,https:\/\/www.lmcipolletti.com\/js-custom\/198\/v2\/functions\/function-embeds-min-version-1722226148.js\">\n<section class=\"body-content\" data-twitter-link=\"https:\/\/twitter.com\/intent\/tweet?url=https:\/\/www.lmcipolletti.com\/c1131948&amp;v\u00eda=lmneuquen&amp;related=LMCipolletti.com&amp;text=\" data-td-script-src=\"https:\/\/www.lmcipolletti.com\/js-custom\/198\/v2\/jquery-3.6.0.min-min-version-1722226148.js,https:\/\/www.lmcipolletti.com\/js-custom\/198\/v2\/functions\/function-embeds-min-version-1722226148.js\">\n<p data-mrf-recirculation=\"Links art\u00edculo\">El tr\u00e1mite no fue sencillo para Rinc\u00f3n, que tuvo que batallar y mucho, pero al mismo tiempo volvi\u00f3 a dar la sensaci\u00f3n de que es casi imposible ganarle de visitante.<\/p>\n<\/section>\n<section class=\"body-content\" data-twitter-link=\"https:\/\/twitter.com\/intent\/tweet?url=https:\/\/www.lmcipolletti.com\/c1131948&amp;v\u00eda=lmneuquen&amp;related=LMCipolletti.com&amp;text=\" data-td-script-src=\"https:\/\/www.lmcipolletti.com\/js-custom\/198\/v2\/jquery-3.6.0.min-min-version-1722226148.js,https:\/\/www.lmcipolletti.com\/js-custom\/198\/v2\/functions\/function-embeds-min-version-1722226148.js\">\n<p data-mrf-recirculation=\"Links art\u00edculo\">Ya en el complemento, el juego a\u00e9reo volvi\u00f3 a darle resultado. Hab\u00eda avisado Claudio L\u00f3pez por arriba unos minutos antes, hasta que a los 39\u2032 apareci\u00f3 Juli\u00e1n Mart\u00edn para liquidar el pleito y darle tres puntos m\u00e1s al conjunto del Cachorro Abaurre.<\/p>\n<p data-mrf-recirculation=\"Links art\u00edculo\">Un dato no menor para Rinc\u00f3n es que lleva tres partidos seguidos sin que le marquen goles, de los cuales dos fueron lejos de casa. De los ocho rivales del grupo, es el \u00fanico al que no le anotaron.<\/p>\n<h2>Sol de Mayo no lo pudo aguantar en San Luis<\/h2>\n<p data-mrf-recirculation=\"Links art\u00edculo\">Con este resultado, el Le\u00f3n manda en la zona A de la Rev\u00e1lida con 6 puntos, por en cima de\u00a0<strong>Sol de Mayo<\/strong>. El Albiceleste volvi\u00f3 con mucho enojo de su viaje a San Luis. Estuvo al frente en gran parte del partido, pero Estudiantes se lo empat\u00f3 y fue 2 a 2.<\/p>\n<p data-mrf-recirculation=\"Links art\u00edculo\">Comenz\u00f3 arriba el conjunto de Viedma por el tanto del exIndependiente de Neuqu\u00e9n,\u00a0<strong>Miqueas Mart\u00ednez<\/strong>, antes del final del primer tiempo. Sin embargo,\u00a0<strong>Jorge Trinidad\u00a0<\/strong>igual\u00f3 tres minutos despu\u00e9s desde el punto del penal.<\/p>\n<p data-mrf-recirculation=\"Links art\u00edculo\">Ya en el complemento, apareci\u00f3 el experimentado\u00a0<strong>Nicol\u00e1s Mazzola\u00a0<\/strong>para poner en ventaja otra vez al conjunto de Diego Galv\u00e1n. El exIndependiente de Avellaneda, Gimnasia de La Plata y Uni\u00f3n de Santa Fe, entre otros, marc\u00f3 el 2-1 a los 16\u2032 del segundo tiempo.<\/p>\n<p data-mrf-recirculation=\"Links art\u00edculo\">Sin embargo, en tiempo adicionado apareci\u00f3\u00a0<strong>Emanuel D\u00edaz\u00a0<\/strong>para darle un ag\u00f3nico empate a Estudiantes, que le permiti\u00f3 mantener los cuatro puntos de ventaja en la pelea con Ferro por no bajar de categor\u00eda.<\/p>\n<p data-mrf-recirculation=\"Links art\u00edculo\">El equipo que hoy est\u00e1 descendiendo por ser el que menos suma en la tabla acumulada es\u00a0<strong>Ferro de General Pico<\/strong>, que extendi\u00f3 su racha negativa en Mendoza con el empate sin goles ante Hurac\u00e1n Las Heras. El arquero Sequeira, del conjunto pampeano, le ataj\u00f3 un penal a Alejo Blanco cuando iban 22\u2032 del primer tiempo.<\/p>\n<div id=\"1060638-Libre-2118447040_wrap\" class=\"embed_cont type_imagen\" contenteditable=\"false\">\n<div id=\"1060638-Libre-2118447040_content\" class=\"embed_content\"><img decoding=\"async\" id=\"1060638-Libre-2118447040_embed\" title=\"\" src=\"https:\/\/i0.wp.com\/media.lmneuquen.com\/p\/595ead0b583cbb93c667ab0e5ccda0f0\/adjuntos\/195\/imagenes\/007\/747\/0007747815\/770x0\/smart\/tabla-revalida-fecha-2jpg.jpg?w=708&amp;ssl=1\" alt=\"\" height=\"undefined\" data-recalc-dims=\"1\" \/><\/div>\n<\/div>\n<\/section>\n<section class=\"read-more \">\n<header class=\"object-title header-title\">\n<p class=\"title d-inline-block\">\n<\/header>\n<\/section>\n<\/section>\n<div class=\"sharedaddy sd-sharing-enabled\">\n<div class=\"robots-nocontent sd-block sd-social sd-social-icon-text sd-sharing\">\n<h3 class=\"sd-title\"><\/h3>\n<\/div>\n<\/div>\n","protected":false},"excerpt":{"rendered":"<p>Por primera vez en su primera temporada en la categor\u00eda,\u00a0Deportivo Rinc\u00f3n\u00a0gan\u00f3 dos partidos seguidos\u00a0y atraviesa su mejor momento en el\u00a0Federal A. Este domingo derrot\u00f3 por 2 a 0 a Juventud Unida Universitario y es l\u00edder de la zona A de la Rev\u00e1lida junto con Sol de Mayo. El equipo de Alejandro Abaurre ven\u00eda de lograr [&hellip;]<\/p>\n","protected":false},"author":3,"featured_media":7194,"comment_status":"open","ping_status":"open","sticky":false,"template":"","format":"standard","meta":{"_acf_changed":false,"footnotes":""},"categories":[67,64,63],"tags":[],"class_list":{"0":"post-7193","1":"post","2":"type-post","3":"status-publish","4":"format-standard","5":"has-post-thumbnail","7":"category-destacadas","8":"category-futbol","9":"category-regionales"},"acf":[],"aioseo_notices":[],"_links":{"self":[{"href":"https:\/\/infosports.com.ar\/web\/wp-json\/wp\/v2\/posts\/7193","targetHints":{"allow":["GET"]}}],"collection":[{"href":"https:\/\/infosports.com.ar\/web\/wp-json\/wp\/v2\/posts"}],"about":[{"href":"https:\/\/infosports.com.ar\/web\/wp-json\/wp\/v2\/types\/post"}],"author":[{"embeddable":true,"href":"https:\/\/infosports.com.ar\/web\/wp-json\/wp\/v2\/users\/3"}],"replies":[{"embeddable":true,"href":"https:\/\/infosports.com.ar\/web\/wp-json\/wp\/v2\/comments?post=7193"}],"version-history":[{"count":1,"href":"https:\/\/infosports.com.ar\/web\/wp-json\/wp\/v2\/posts\/7193\/revisions"}],"predecessor-version":[{"id":7196,"href":"https:\/\/infosports.com.ar\/web\/wp-json\/wp\/v2\/posts\/7193\/revisions\/7196"}],"wp:featuredmedia":[{"embeddable":true,"href":"https:\/\/infosports.com.ar\/web\/wp-json\/wp\/v2\/media\/7194"}],"wp:attachment":[{"href":"https:\/\/infosports.com.ar\/web\/wp-json\/wp\/v2\/media?parent=7193"}],"wp:term":[{"taxonomy":"category","embeddable":true,"href":"https:\/\/infosports.com.ar\/web\/wp-json\/wp\/v2\/categories?post=7193"},{"taxonomy":"post_tag","embeddable":true,"href":"https:\/\/infosports.com.ar\/web\/wp-json\/wp\/v2\/tags?post=7193"}],"curies":[{"name":"wp","href":"https:\/\/api.w.org\/{rel}","templated":true}]}}