{"id":7383,"date":"2024-08-26T12:03:41","date_gmt":"2024-08-26T15:03:41","guid":{"rendered":"https:\/\/infosports.com.ar\/web\/?p=7383"},"modified":"2024-08-26T12:03:41","modified_gmt":"2024-08-26T15:03:41","slug":"el-voley-de-catriel-destacado-en-los-menucos","status":"publish","type":"post","link":"https:\/\/infosports.com.ar\/web\/el-voley-de-catriel-destacado-en-los-menucos\/","title":{"rendered":"El Voley de Catriel destacado en Los Menucos"},"content":{"rendered":"<p>Los Menucos-Catriel estuvo presente a trav\u00e9s del v\u00f3ley femenino y masculino en un torneo regional, donde se destacaron los equipos Escuela Municipal de V\u00f3ley y el nuevo conjunto Los Tehuelches, arribando al podio en ambos casos. (infosports.com.ar \/ FM Alas)<!--more--><\/p>\n<p>La Copa de Oro fue la excusa para todos los equipos que deb\u00edan intentar ir por la clasificaci\u00f3n a la misma, con representantes de Catriel, Los Menucos, Sierra Grande, Cipolletti, Gral Roca, Bariloche y Dina Huapi. (DT-Miguel Gonz\u00e1lez)<\/p>\n<p><a href=\"https:\/\/infosports.com.ar\/web\/wp-content\/uploads\/2024\/08\/vol.jpg\"><img loading=\"lazy\" decoding=\"async\" class=\"alignnone size-large wp-image-7385\" src=\"https:\/\/infosports.com.ar\/web\/wp-content\/uploads\/2024\/08\/vol-1024x691.jpg\" alt=\"\" width=\"696\" height=\"470\" srcset=\"https:\/\/infosports.com.ar\/web\/wp-content\/uploads\/2024\/08\/vol-1024x691.jpg 1024w, https:\/\/infosports.com.ar\/web\/wp-content\/uploads\/2024\/08\/vol-300x203.jpg 300w, https:\/\/infosports.com.ar\/web\/wp-content\/uploads\/2024\/08\/vol-768x518.jpg 768w, https:\/\/infosports.com.ar\/web\/wp-content\/uploads\/2024\/08\/vol-622x420.jpg 622w, https:\/\/infosports.com.ar\/web\/wp-content\/uploads\/2024\/08\/vol-696x470.jpg 696w, https:\/\/infosports.com.ar\/web\/wp-content\/uploads\/2024\/08\/vol-1068x721.jpg 1068w, https:\/\/infosports.com.ar\/web\/wp-content\/uploads\/2024\/08\/vol.jpg 1080w\" sizes=\"auto, (max-width: 696px) 100vw, 696px\" \/><\/a><\/p>\n<p>Por el lado de la rama Femenina, Catriel a trav\u00e9s de la Escuela Municipal de V\u00f3ley Sub 18 se qued\u00f3 con el 2\u00b0 puesto cayendo en la final frente a Bariloche.<\/p>\n<p>Por su parte Los Tehuelches; conjunto conformado de forma reciente, en la rama masculino obtuvo el 4\u00b0 puesto (DT: Barroso Nahuel)<\/p>\n","protected":false},"excerpt":{"rendered":"<p>Los Menucos-Catriel estuvo presente a trav\u00e9s del v\u00f3ley femenino y masculino en un torneo regional, donde se destacaron los equipos Escuela Municipal de V\u00f3ley y el nuevo conjunto Los Tehuelches, arribando al podio en ambos casos. (infosports.com.ar \/ FM Alas)<\/p>\n","protected":false},"author":3,"featured_media":7384,"comment_status":"open","ping_status":"open","sticky":false,"template":"","format":"standard","meta":{"_acf_changed":false,"footnotes":""},"categories":[67,65],"tags":[],"class_list":{"0":"post-7383","1":"post","2":"type-post","3":"status-publish","4":"format-standard","5":"has-post-thumbnail","7":"category-destacadas","8":"category-multidisciplinas"},"acf":[],"aioseo_notices":[],"_links":{"self":[{"href":"https:\/\/infosports.com.ar\/web\/wp-json\/wp\/v2\/posts\/7383","targetHints":{"allow":["GET"]}}],"collection":[{"href":"https:\/\/infosports.com.ar\/web\/wp-json\/wp\/v2\/posts"}],"about":[{"href":"https:\/\/infosports.com.ar\/web\/wp-json\/wp\/v2\/types\/post"}],"author":[{"embeddable":true,"href":"https:\/\/infosports.com.ar\/web\/wp-json\/wp\/v2\/users\/3"}],"replies":[{"embeddable":true,"href":"https:\/\/infosports.com.ar\/web\/wp-json\/wp\/v2\/comments?post=7383"}],"version-history":[{"count":1,"href":"https:\/\/infosports.com.ar\/web\/wp-json\/wp\/v2\/posts\/7383\/revisions"}],"predecessor-version":[{"id":7387,"href":"https:\/\/infosports.com.ar\/web\/wp-json\/wp\/v2\/posts\/7383\/revisions\/7387"}],"wp:featuredmedia":[{"embeddable":true,"href":"https:\/\/infosports.com.ar\/web\/wp-json\/wp\/v2\/media\/7384"}],"wp:attachment":[{"href":"https:\/\/infosports.com.ar\/web\/wp-json\/wp\/v2\/media?parent=7383"}],"wp:term":[{"taxonomy":"category","embeddable":true,"href":"https:\/\/infosports.com.ar\/web\/wp-json\/wp\/v2\/categories?post=7383"},{"taxonomy":"post_tag","embeddable":true,"href":"https:\/\/infosports.com.ar\/web\/wp-json\/wp\/v2\/tags?post=7383"}],"curies":[{"name":"wp","href":"https:\/\/api.w.org\/{rel}","templated":true}]}}