{"id":8650,"date":"2025-04-14T09:55:47","date_gmt":"2025-04-14T12:55:47","guid":{"rendered":"https:\/\/infosports.com.ar\/web\/?p=8650"},"modified":"2025-04-14T09:55:47","modified_gmt":"2025-04-14T12:55:47","slug":"integracion-de-hockey-gran-fin-de-semana-del-hockey-del-crc","status":"publish","type":"post","link":"https:\/\/infosports.com.ar\/web\/integracion-de-hockey-gran-fin-de-semana-del-hockey-del-crc\/","title":{"rendered":"Integraci\u00f3n de Hockey-Gran fin de semana del hockey del CRC"},"content":{"rendered":"<p>Neuqu\u00e9n-Se jugo la 4\u00b0 fecha del torneo integraci\u00f3n B y Catriel se trajo los puntos a casa a trav\u00e9s de un gran desempe\u00f1o de las distintas divisiones que se presentaron en el predio del Neuqu\u00e9n Rugby.(infosports.com.ar \/ FM Alas)<!--more--><\/p>\n<p>La actividad tuvo acci\u00f3n el d\u00eda s\u00e1bado en el complejo del equipo azul, donde Sub 12, definiendo por penales el empate 1 a 1, culmin\u00f3 ganando por 2 tantos a favor.<\/p>\n<p><a href=\"https:\/\/infosports.com.ar\/web\/wp-content\/uploads\/2025\/04\/491576559_1087154063454042_4228413921634712369_n.jpg\"><img loading=\"lazy\" decoding=\"async\" class=\"alignnone size-full wp-image-8652\" src=\"https:\/\/infosports.com.ar\/web\/wp-content\/uploads\/2025\/04\/491576559_1087154063454042_4228413921634712369_n.jpg\" alt=\"\" width=\"1440\" height=\"1800\" srcset=\"https:\/\/infosports.com.ar\/web\/wp-content\/uploads\/2025\/04\/491576559_1087154063454042_4228413921634712369_n.jpg 1440w, https:\/\/infosports.com.ar\/web\/wp-content\/uploads\/2025\/04\/491576559_1087154063454042_4228413921634712369_n-240x300.jpg 240w, https:\/\/infosports.com.ar\/web\/wp-content\/uploads\/2025\/04\/491576559_1087154063454042_4228413921634712369_n-819x1024.jpg 819w, https:\/\/infosports.com.ar\/web\/wp-content\/uploads\/2025\/04\/491576559_1087154063454042_4228413921634712369_n-768x960.jpg 768w, https:\/\/infosports.com.ar\/web\/wp-content\/uploads\/2025\/04\/491576559_1087154063454042_4228413921634712369_n-1229x1536.jpg 1229w, https:\/\/infosports.com.ar\/web\/wp-content\/uploads\/2025\/04\/491576559_1087154063454042_4228413921634712369_n-336x420.jpg 336w, https:\/\/infosports.com.ar\/web\/wp-content\/uploads\/2025\/04\/491576559_1087154063454042_4228413921634712369_n-696x870.jpg 696w, https:\/\/infosports.com.ar\/web\/wp-content\/uploads\/2025\/04\/491576559_1087154063454042_4228413921634712369_n-1068x1335.jpg 1068w\" sizes=\"auto, (max-width: 1440px) 100vw, 1440px\" \/><\/a><\/p>\n<p>Por su parte Sub 14 y Sub 16 ganaron con una marcada diferencia siendo las goleadas de la fecha, donde no faltaron los goles de Coria, Cid, Maestra y Teysier, Calvo, Acu\u00f1a, L\u00f3pez y Meza. Adem\u00e1s destacar la gran actuaci\u00f3n de la portera G\u00f3mez con un penal atajado.<\/p>\n<p><a href=\"https:\/\/infosports.com.ar\/web\/wp-content\/uploads\/2025\/04\/490496587_1087154060120709_5011784599451373140_n.jpg\"><img loading=\"lazy\" decoding=\"async\" class=\"alignnone size-full wp-image-8653\" src=\"https:\/\/infosports.com.ar\/web\/wp-content\/uploads\/2025\/04\/490496587_1087154060120709_5011784599451373140_n.jpg\" alt=\"\" width=\"1440\" height=\"1799\" srcset=\"https:\/\/infosports.com.ar\/web\/wp-content\/uploads\/2025\/04\/490496587_1087154060120709_5011784599451373140_n.jpg 1440w, https:\/\/infosports.com.ar\/web\/wp-content\/uploads\/2025\/04\/490496587_1087154060120709_5011784599451373140_n-240x300.jpg 240w, https:\/\/infosports.com.ar\/web\/wp-content\/uploads\/2025\/04\/490496587_1087154060120709_5011784599451373140_n-820x1024.jpg 820w, https:\/\/infosports.com.ar\/web\/wp-content\/uploads\/2025\/04\/490496587_1087154060120709_5011784599451373140_n-768x959.jpg 768w, https:\/\/infosports.com.ar\/web\/wp-content\/uploads\/2025\/04\/490496587_1087154060120709_5011784599451373140_n-1229x1536.jpg 1229w, https:\/\/infosports.com.ar\/web\/wp-content\/uploads\/2025\/04\/490496587_1087154060120709_5011784599451373140_n-336x420.jpg 336w, https:\/\/infosports.com.ar\/web\/wp-content\/uploads\/2025\/04\/490496587_1087154060120709_5011784599451373140_n-696x870.jpg 696w, https:\/\/infosports.com.ar\/web\/wp-content\/uploads\/2025\/04\/490496587_1087154060120709_5011784599451373140_n-1068x1334.jpg 1068w\" sizes=\"auto, (max-width: 1440px) 100vw, 1440px\" \/><\/a><\/p>\n<p><a href=\"https:\/\/infosports.com.ar\/web\/wp-content\/uploads\/2025\/04\/490901483_1087154056787376_7413558261790237894_n.jpg\"><img loading=\"lazy\" decoding=\"async\" class=\"alignnone size-full wp-image-8654\" src=\"https:\/\/infosports.com.ar\/web\/wp-content\/uploads\/2025\/04\/490901483_1087154056787376_7413558261790237894_n.jpg\" alt=\"\" width=\"1440\" height=\"1799\" srcset=\"https:\/\/infosports.com.ar\/web\/wp-content\/uploads\/2025\/04\/490901483_1087154056787376_7413558261790237894_n.jpg 1440w, https:\/\/infosports.com.ar\/web\/wp-content\/uploads\/2025\/04\/490901483_1087154056787376_7413558261790237894_n-240x300.jpg 240w, https:\/\/infosports.com.ar\/web\/wp-content\/uploads\/2025\/04\/490901483_1087154056787376_7413558261790237894_n-820x1024.jpg 820w, https:\/\/infosports.com.ar\/web\/wp-content\/uploads\/2025\/04\/490901483_1087154056787376_7413558261790237894_n-768x959.jpg 768w, https:\/\/infosports.com.ar\/web\/wp-content\/uploads\/2025\/04\/490901483_1087154056787376_7413558261790237894_n-1229x1536.jpg 1229w, https:\/\/infosports.com.ar\/web\/wp-content\/uploads\/2025\/04\/490901483_1087154056787376_7413558261790237894_n-336x420.jpg 336w, https:\/\/infosports.com.ar\/web\/wp-content\/uploads\/2025\/04\/490901483_1087154056787376_7413558261790237894_n-696x870.jpg 696w, https:\/\/infosports.com.ar\/web\/wp-content\/uploads\/2025\/04\/490901483_1087154056787376_7413558261790237894_n-1068x1334.jpg 1068w\" sizes=\"auto, (max-width: 1440px) 100vw, 1440px\" \/><\/a><\/p>\n","protected":false},"excerpt":{"rendered":"<p>Neuqu\u00e9n-Se jugo la 4\u00b0 fecha del torneo integraci\u00f3n B y Catriel se trajo los puntos a casa a trav\u00e9s de un gran desempe\u00f1o de las distintas divisiones que se presentaron en el predio del Neuqu\u00e9n Rugby.(infosports.com.ar \/ FM Alas)<\/p>\n","protected":false},"author":3,"featured_media":8651,"comment_status":"open","ping_status":"open","sticky":false,"template":"","format":"standard","meta":{"_acf_changed":false,"footnotes":""},"categories":[67,65,63],"tags":[],"class_list":{"0":"post-8650","1":"post","2":"type-post","3":"status-publish","4":"format-standard","5":"has-post-thumbnail","7":"category-destacadas","8":"category-multidisciplinas","9":"category-regionales"},"acf":[],"aioseo_notices":[],"_links":{"self":[{"href":"https:\/\/infosports.com.ar\/web\/wp-json\/wp\/v2\/posts\/8650","targetHints":{"allow":["GET"]}}],"collection":[{"href":"https:\/\/infosports.com.ar\/web\/wp-json\/wp\/v2\/posts"}],"about":[{"href":"https:\/\/infosports.com.ar\/web\/wp-json\/wp\/v2\/types\/post"}],"author":[{"embeddable":true,"href":"https:\/\/infosports.com.ar\/web\/wp-json\/wp\/v2\/users\/3"}],"replies":[{"embeddable":true,"href":"https:\/\/infosports.com.ar\/web\/wp-json\/wp\/v2\/comments?post=8650"}],"version-history":[{"count":1,"href":"https:\/\/infosports.com.ar\/web\/wp-json\/wp\/v2\/posts\/8650\/revisions"}],"predecessor-version":[{"id":8656,"href":"https:\/\/infosports.com.ar\/web\/wp-json\/wp\/v2\/posts\/8650\/revisions\/8656"}],"wp:featuredmedia":[{"embeddable":true,"href":"https:\/\/infosports.com.ar\/web\/wp-json\/wp\/v2\/media\/8651"}],"wp:attachment":[{"href":"https:\/\/infosports.com.ar\/web\/wp-json\/wp\/v2\/media?parent=8650"}],"wp:term":[{"taxonomy":"category","embeddable":true,"href":"https:\/\/infosports.com.ar\/web\/wp-json\/wp\/v2\/categories?post=8650"},{"taxonomy":"post_tag","embeddable":true,"href":"https:\/\/infosports.com.ar\/web\/wp-json\/wp\/v2\/tags?post=8650"}],"curies":[{"name":"wp","href":"https:\/\/api.w.org\/{rel}","templated":true}]}}