{"id":8670,"date":"2025-04-15T11:09:15","date_gmt":"2025-04-15T14:09:15","guid":{"rendered":"https:\/\/infosports.com.ar\/web\/?p=8670"},"modified":"2025-04-16T12:21:01","modified_gmt":"2025-04-16T15:21:01","slug":"con-maira-mardones-intratable-la-armada-catrielense-presente-en-el-patagonia-run","status":"publish","type":"post","link":"https:\/\/infosports.com.ar\/web\/con-maira-mardones-intratable-la-armada-catrielense-presente-en-el-patagonia-run\/","title":{"rendered":"Con Maira Mardones intratable la armada catrielense presente en el Patagonia Run"},"content":{"rendered":"<p>Con Mardones a la cabeza, la armada Catrielense presente en los 15 a\u00f1os del Patagonia Run. Sin dudas mas all\u00e1 del gran esfuerzo de cada corredor, Mardones tuvo una de sus mejores presentaciones en su gran carrera deportiva, logrando hacerse con los 70k de punta a punta. En tanto cada kilometraje tuvo sello Catrielense con destacadas actuaciones. (infosports.com.ar \/ FM Alas)<!--more--><\/p>\n<p>Los paisajes de San Martin de Los Andes volvieron a ser escenario ideal para una de las mejores carreras de Sudam\u00e9rica, iniciando la actividad el pasado mi\u00e9rcoles y transitando los d\u00edas hasta el domingo inclusive, miles de corredores del pa\u00eds y del mundo quisieron ser parte de la fiesta de los 15 a\u00f1os de esta prestigiosa carrera, transitando senderos, altimetr\u00eda de monta\u00f1a con variada dificultad y con un clima que en cierto d\u00edas fue adverso y una prueba mas mental y f\u00edsica.<\/p>\n<p>Punto aparte para la corredora Maira Mardones, quien desde hace tiempo continua intratable en diferentes pruebas de ultra trail, asegur\u00e1ndose varios podios a trav\u00e9s de excelentes actuaciones. Mardones lider\u00f3 de punta a punto en los 70k culminando emocionada al grito de varios\/as catrielenses que la esperaban en el arco de llegada.<\/p>\n<blockquote><p><strong>&#8220;La carrera la fui trabajado de menor a mayor, dependiendo de la sensaci\u00f3n que ten\u00eda&#8221;<\/strong><\/p>\n<p><strong>&#8220;Hasta el km 36 ven\u00eda 4ta en la general, logrando pasar a mi competencia en una de las subida clave de la carrera!el quilalahue, mi carrera comenz\u00f3 llegando a esa subida y segundo todo en los \u00faltimos 37km de carrera&#8221;<\/strong><\/p><\/blockquote>\n<p><em><strong>Kilometro Vertical<\/strong><\/em><\/p>\n<p>-Silvana Morales; puesto 13\u00b0, 37\u00b0 General. Tiempo: 01:04min<\/p>\n<p>-Daniel Robledo; puesto 16\u00b0, 27\u00b0 General, Tiempo: 00:50min<\/p>\n<p><a href=\"https:\/\/infosports.com.ar\/web\/wp-content\/uploads\/2025\/04\/491264007_606884112395435_9016205057383185884_n.jpg\"><img loading=\"lazy\" decoding=\"async\" class=\"alignnone wp-image-8679\" src=\"https:\/\/infosports.com.ar\/web\/wp-content\/uploads\/2025\/04\/491264007_606884112395435_9016205057383185884_n.jpg\" alt=\"\" width=\"413\" height=\"345\" srcset=\"https:\/\/infosports.com.ar\/web\/wp-content\/uploads\/2025\/04\/491264007_606884112395435_9016205057383185884_n.jpg 912w, https:\/\/infosports.com.ar\/web\/wp-content\/uploads\/2025\/04\/491264007_606884112395435_9016205057383185884_n-300x251.jpg 300w, https:\/\/infosports.com.ar\/web\/wp-content\/uploads\/2025\/04\/491264007_606884112395435_9016205057383185884_n-768x643.jpg 768w, https:\/\/infosports.com.ar\/web\/wp-content\/uploads\/2025\/04\/491264007_606884112395435_9016205057383185884_n-502x420.jpg 502w, https:\/\/infosports.com.ar\/web\/wp-content\/uploads\/2025\/04\/491264007_606884112395435_9016205057383185884_n-696x582.jpg 696w\" sizes=\"auto, (max-width: 413px) 100vw, 413px\" \/><\/a><\/p>\n<p><em><strong>10k<\/strong><\/em><\/p>\n<p>-Gim\u00e9nez Cecilia; puesto 5\u00b0; 110\u00b0 general; tiempo: 01:18min<\/p>\n<p>-Natalia Aldrian; puesto 12\u00b0, 242\u00b0 general, tiempo: 01:33min<\/p>\n<p>-Cintia Z\u00fa\u00f1iga; puesto 80\u00b0, 399 general, tiempo: 01:47min<\/p>\n<p>-Noemi Moenne; puesto 85\u00b0, General 591\u00b0, tiempo: 02:11min<\/p>\n<p>&nbsp;<\/p>\n<p><a href=\"https:\/\/infosports.com.ar\/web\/wp-content\/uploads\/2025\/04\/489776001_606884335728746_8859556561301837821_n.jpg\"><img loading=\"lazy\" decoding=\"async\" class=\"alignnone wp-image-8674\" src=\"https:\/\/infosports.com.ar\/web\/wp-content\/uploads\/2025\/04\/489776001_606884335728746_8859556561301837821_n.jpg\" alt=\"\" width=\"378\" height=\"303\" srcset=\"https:\/\/infosports.com.ar\/web\/wp-content\/uploads\/2025\/04\/489776001_606884335728746_8859556561301837821_n.jpg 1200w, https:\/\/infosports.com.ar\/web\/wp-content\/uploads\/2025\/04\/489776001_606884335728746_8859556561301837821_n-300x241.jpg 300w, https:\/\/infosports.com.ar\/web\/wp-content\/uploads\/2025\/04\/489776001_606884335728746_8859556561301837821_n-1024x821.jpg 1024w, https:\/\/infosports.com.ar\/web\/wp-content\/uploads\/2025\/04\/489776001_606884335728746_8859556561301837821_n-768x616.jpg 768w, https:\/\/infosports.com.ar\/web\/wp-content\/uploads\/2025\/04\/489776001_606884335728746_8859556561301837821_n-524x420.jpg 524w, https:\/\/infosports.com.ar\/web\/wp-content\/uploads\/2025\/04\/489776001_606884335728746_8859556561301837821_n-696x558.jpg 696w, https:\/\/infosports.com.ar\/web\/wp-content\/uploads\/2025\/04\/489776001_606884335728746_8859556561301837821_n-1068x856.jpg 1068w\" sizes=\"auto, (max-width: 378px) 100vw, 378px\" \/><\/a><\/p>\n<p>&nbsp;<\/p>\n<p><a href=\"https:\/\/infosports.com.ar\/web\/wp-content\/uploads\/2025\/04\/489627559_18377383030184367_3771291532179593439_n.jpg\"><img loading=\"lazy\" decoding=\"async\" class=\"alignnone wp-image-8675\" src=\"https:\/\/infosports.com.ar\/web\/wp-content\/uploads\/2025\/04\/489627559_18377383030184367_3771291532179593439_n.jpg\" alt=\"\" width=\"375\" height=\"375\" srcset=\"https:\/\/infosports.com.ar\/web\/wp-content\/uploads\/2025\/04\/489627559_18377383030184367_3771291532179593439_n.jpg 1440w, https:\/\/infosports.com.ar\/web\/wp-content\/uploads\/2025\/04\/489627559_18377383030184367_3771291532179593439_n-300x300.jpg 300w, https:\/\/infosports.com.ar\/web\/wp-content\/uploads\/2025\/04\/489627559_18377383030184367_3771291532179593439_n-1024x1024.jpg 1024w, https:\/\/infosports.com.ar\/web\/wp-content\/uploads\/2025\/04\/489627559_18377383030184367_3771291532179593439_n-150x150.jpg 150w, https:\/\/infosports.com.ar\/web\/wp-content\/uploads\/2025\/04\/489627559_18377383030184367_3771291532179593439_n-768x768.jpg 768w, https:\/\/infosports.com.ar\/web\/wp-content\/uploads\/2025\/04\/489627559_18377383030184367_3771291532179593439_n-420x420.jpg 420w, https:\/\/infosports.com.ar\/web\/wp-content\/uploads\/2025\/04\/489627559_18377383030184367_3771291532179593439_n-696x696.jpg 696w, https:\/\/infosports.com.ar\/web\/wp-content\/uploads\/2025\/04\/489627559_18377383030184367_3771291532179593439_n-1068x1068.jpg 1068w\" sizes=\"auto, (max-width: 375px) 100vw, 375px\" \/><\/a><\/p>\n<p><em><strong>21k<\/strong><\/em><\/p>\n<p>-Betrisey Ignacio; puesto 49\u00b0, general 224\u00b0, tiempo: 03:14min<\/p>\n<p>-Oscar Martinez; puesto 108\u00b0, general 508\u00b0, tiempo: 03:48min<\/p>\n<p>-Yanina Rojel; puesto 149\u00b0, general 870\u00b0, tiempo: 04:28min<\/p>\n<p><a href=\"https:\/\/infosports.com.ar\/web\/wp-content\/uploads\/2025\/04\/491351190_606884365728743_548541649970521573_n-1.jpg\"><img loading=\"lazy\" decoding=\"async\" class=\"alignnone wp-image-8677\" src=\"https:\/\/infosports.com.ar\/web\/wp-content\/uploads\/2025\/04\/491351190_606884365728743_548541649970521573_n-1.jpg\" alt=\"\" width=\"433\" height=\"336\" srcset=\"https:\/\/infosports.com.ar\/web\/wp-content\/uploads\/2025\/04\/491351190_606884365728743_548541649970521573_n-1.jpg 910w, https:\/\/infosports.com.ar\/web\/wp-content\/uploads\/2025\/04\/491351190_606884365728743_548541649970521573_n-1-300x233.jpg 300w, https:\/\/infosports.com.ar\/web\/wp-content\/uploads\/2025\/04\/491351190_606884365728743_548541649970521573_n-1-768x596.jpg 768w, https:\/\/infosports.com.ar\/web\/wp-content\/uploads\/2025\/04\/491351190_606884365728743_548541649970521573_n-1-541x420.jpg 541w, https:\/\/infosports.com.ar\/web\/wp-content\/uploads\/2025\/04\/491351190_606884365728743_548541649970521573_n-1-696x540.jpg 696w\" sizes=\"auto, (max-width: 433px) 100vw, 433px\" \/><\/a><\/p>\n<p><em><strong>42k<\/strong><\/em><\/p>\n<p>-Robledo Daniel; puesto 41\u00b0, general 111\u00b0, tiempo: 05:10min<\/p>\n<p>-Marcos Arevalo; puesto 61\u00b0, general 192\u00b0, tiempo: 05: 35min<\/p>\n<p>-Claudia Ayelen Painenao; puesto 71\u00b0, general 522\u00b0, tiempo: 06:37min<\/p>\n<p><a href=\"https:\/\/infosports.com.ar\/web\/wp-content\/uploads\/2025\/04\/488028779_606884259062087_2393733718500984367_n.jpg\"><img loading=\"lazy\" decoding=\"async\" class=\"alignnone wp-image-8676\" src=\"https:\/\/infosports.com.ar\/web\/wp-content\/uploads\/2025\/04\/488028779_606884259062087_2393733718500984367_n.jpg\" alt=\"\" width=\"475\" height=\"252\" srcset=\"https:\/\/infosports.com.ar\/web\/wp-content\/uploads\/2025\/04\/488028779_606884259062087_2393733718500984367_n.jpg 909w, https:\/\/infosports.com.ar\/web\/wp-content\/uploads\/2025\/04\/488028779_606884259062087_2393733718500984367_n-300x159.jpg 300w, https:\/\/infosports.com.ar\/web\/wp-content\/uploads\/2025\/04\/488028779_606884259062087_2393733718500984367_n-768x407.jpg 768w, https:\/\/infosports.com.ar\/web\/wp-content\/uploads\/2025\/04\/488028779_606884259062087_2393733718500984367_n-792x420.jpg 792w, https:\/\/infosports.com.ar\/web\/wp-content\/uploads\/2025\/04\/488028779_606884259062087_2393733718500984367_n-696x369.jpg 696w\" sizes=\"auto, (max-width: 475px) 100vw, 475px\" \/><\/a><\/p>\n<p><a href=\"https:\/\/infosports.com.ar\/web\/wp-content\/uploads\/2025\/04\/489926432_606884142395432_6623219635407890309_n-1.jpg\"><img loading=\"lazy\" decoding=\"async\" class=\"alignnone wp-image-8678\" src=\"https:\/\/infosports.com.ar\/web\/wp-content\/uploads\/2025\/04\/489926432_606884142395432_6623219635407890309_n-1.jpg\" alt=\"\" width=\"462\" height=\"476\" srcset=\"https:\/\/infosports.com.ar\/web\/wp-content\/uploads\/2025\/04\/489926432_606884142395432_6623219635407890309_n-1.jpg 805w, https:\/\/infosports.com.ar\/web\/wp-content\/uploads\/2025\/04\/489926432_606884142395432_6623219635407890309_n-1-291x300.jpg 291w, https:\/\/infosports.com.ar\/web\/wp-content\/uploads\/2025\/04\/489926432_606884142395432_6623219635407890309_n-1-768x791.jpg 768w, https:\/\/infosports.com.ar\/web\/wp-content\/uploads\/2025\/04\/489926432_606884142395432_6623219635407890309_n-1-408x420.jpg 408w, https:\/\/infosports.com.ar\/web\/wp-content\/uploads\/2025\/04\/489926432_606884142395432_6623219635407890309_n-1-696x717.jpg 696w\" sizes=\"auto, (max-width: 462px) 100vw, 462px\" \/><\/a><\/p>\n<p><em><strong>70k<\/strong><\/em><\/p>\n<p>-Maira Mardones; puesto 1\u00b0, general 21\u00b0, tiempo: 09:35min<\/p>\n<p>-David Schenaider, puesto 55\u00b0, general 149\u00b0, tiempo: 12:13min<\/p>\n<p>-Nestor Arias; puesto 25\u00b0, general 213\u00b0 general, tiempo: 12:53min<\/p>\n<p>&nbsp;<\/p>\n","protected":false},"excerpt":{"rendered":"<p>Con Mardones a la cabeza, la armada Catrielense presente en los 15 a\u00f1os del Patagonia Run. Sin dudas mas all\u00e1 del gran esfuerzo de cada corredor, Mardones tuvo una de sus mejores presentaciones en su gran carrera deportiva, logrando hacerse con los 70k de punta a punta. En tanto cada kilometraje tuvo sello Catrielense con [&hellip;]<\/p>\n","protected":false},"author":3,"featured_media":8671,"comment_status":"open","ping_status":"open","sticky":false,"template":"","format":"standard","meta":{"_acf_changed":false,"footnotes":""},"categories":[67,66],"tags":[],"class_list":{"0":"post-8670","1":"post","2":"type-post","3":"status-publish","4":"format-standard","5":"has-post-thumbnail","7":"category-destacadas","8":"category-running"},"acf":[],"aioseo_notices":[],"_links":{"self":[{"href":"https:\/\/infosports.com.ar\/web\/wp-json\/wp\/v2\/posts\/8670","targetHints":{"allow":["GET"]}}],"collection":[{"href":"https:\/\/infosports.com.ar\/web\/wp-json\/wp\/v2\/posts"}],"about":[{"href":"https:\/\/infosports.com.ar\/web\/wp-json\/wp\/v2\/types\/post"}],"author":[{"embeddable":true,"href":"https:\/\/infosports.com.ar\/web\/wp-json\/wp\/v2\/users\/3"}],"replies":[{"embeddable":true,"href":"https:\/\/infosports.com.ar\/web\/wp-json\/wp\/v2\/comments?post=8670"}],"version-history":[{"count":2,"href":"https:\/\/infosports.com.ar\/web\/wp-json\/wp\/v2\/posts\/8670\/revisions"}],"predecessor-version":[{"id":8687,"href":"https:\/\/infosports.com.ar\/web\/wp-json\/wp\/v2\/posts\/8670\/revisions\/8687"}],"wp:featuredmedia":[{"embeddable":true,"href":"https:\/\/infosports.com.ar\/web\/wp-json\/wp\/v2\/media\/8671"}],"wp:attachment":[{"href":"https:\/\/infosports.com.ar\/web\/wp-json\/wp\/v2\/media?parent=8670"}],"wp:term":[{"taxonomy":"category","embeddable":true,"href":"https:\/\/infosports.com.ar\/web\/wp-json\/wp\/v2\/categories?post=8670"},{"taxonomy":"post_tag","embeddable":true,"href":"https:\/\/infosports.com.ar\/web\/wp-json\/wp\/v2\/tags?post=8670"}],"curies":[{"name":"wp","href":"https:\/\/api.w.org\/{rel}","templated":true}]}}